{"id":64558,"date":"2024-09-20T07:11:48","date_gmt":"2024-09-20T13:11:48","guid":{"rendered":"https:\/\/elinformante.mx\/?p=64558"},"modified":"2024-09-20T07:11:49","modified_gmt":"2024-09-20T13:11:49","slug":"inauguran-en-xochimilco-el-centro-de-salud-santa-cecilia-tepetlapa","status":"publish","type":"post","link":"https:\/\/elinformante.mx\/?p=64558","title":{"rendered":"Inauguran en Xochimilco el Centro de Salud Santa Cecilia Tepetlapa"},"content":{"rendered":"\n<blockquote class=\"wp-block-quote is-layout-flow wp-block-quote-is-layout-flow\">\n<p>Ahora el Centro de Salud contar\u00e1 con consulta m\u00e9dica, atenci\u00f3n psicol\u00f3gica, odontol\u00f3gica, nutricional, trabajo social, as\u00ed como acciones de promoci\u00f3n de la salud y prevenci\u00f3n de enfermedades.<\/p>\n<\/blockquote>\n\n\n\n<p>La Secretar\u00eda de Salud de la Ciudad de M\u00e9xico (SEDESA), en coordinaci\u00f3n con la Secretar\u00eda de Pueblos y Barrios Originarios y Comunidades Ind\u00edgenas Residentes (SEPI), y los Servicios de Salud IMSS-Bienestar de la Ciudad de M\u00e9xico, inauguraron el Centro de Salud T-I Santa Cecilia Tepetlapa, ubicado en la Alcald\u00eda Xochimilco, el cual brindar\u00e1 atenci\u00f3n los 365 d\u00edas del a\u00f1o.<br><\/p>\n\n\n\n<p>La secretaria de SEPI, Laura Ita Andehui Ruiz Mondrag\u00f3n, agradeci\u00f3 el trabajo colaborativo entre instituciones para lograr la conclusi\u00f3n de esta obra, ya que la atenci\u00f3n a la salud, destac\u00f3, es prioritaria en toda la ciudad y en todos los pueblos, por lo que es motivo de celebraci\u00f3n la ampliaci\u00f3n del Centro de Salud del pueblo de Santa Cecilia Tepetlapa.<br><\/p>\n\n\n\n<p>Ahora el Centro de Salud contar\u00e1 con consulta m\u00e9dica, atenci\u00f3n psicol\u00f3gica, odontol\u00f3gica, nutricional, trabajo social, as\u00ed como acciones de promoci\u00f3n de la salud y prevenci\u00f3n de enfermedades, con la capacidad de brindar m\u00e1s de 630 atenciones al mes, entre consultas m\u00e9dicas, detecciones y acciones preventivas.<br><\/p>\n\n\n\n<p>Se a\u00f1adieron tres consultorios, una sala de espera, un almac\u00e9n, m\u00f3dulos de medicina general, psicolog\u00eda e inmunizaciones, adem\u00e1s de nuevos acabados; aplanados, instalaci\u00f3n hidrosanitaria, drenaje, con el objetivo de generar un espacio digno para la atenci\u00f3n. Asimismo, cuenta con \u00e1reas espec\u00edficas para farmacia, archivo y vacunaci\u00f3n, as\u00ed como espacios dedicados a actividades de promoci\u00f3n de la salud.<br><\/p>\n\n\n\n<p>La doctora Oliva L\u00f3pez invit\u00f3 a la poblaci\u00f3n beneficiada a acudir a la unidad y poner la salud en sus manos al realizarse detecciones tempranas de diabetes, hipertensi\u00f3n, algunos tipos de c\u00e1ncer, as\u00ed como asistir a las jornadas de vacunaci\u00f3n.<br><\/p>\n\n\n\n<p>Agreg\u00f3 que, como este nuevo Centro de Salud, se entregaron al IMSS-Bienestar unidades ambulatorias fortalecidas y con horario ampliado los 365 d\u00edas del a\u00f1o, con lo que se reafirma el compromiso de las autoridades de los tres niveles de gobierno por brindar servicios gratuitos y de calidad para todas las personas.<\/p>\n","protected":false},"excerpt":{"rendered":"<p>Ahora el Centro de Salud contar\u00e1 con consulta m\u00e9dica, atenci\u00f3n psicol\u00f3gica, odontol\u00f3gica, nutricional, trabajo social, as\u00ed como acciones de promoci\u00f3n de la salud y prevenci\u00f3n de enfermedades. La Secretar\u00eda de Salud de la Ciudad de M\u00e9xico (SEDESA), en coordinaci\u00f3n con la Secretar\u00eda de Pueblos y Barrios Originarios y Comunidades Ind\u00edgenas Residentes (SEPI), y los Servicios [&hellip;]<\/p>\n","protected":false},"author":1,"featured_media":64559,"comment_status":"closed","ping_status":"closed","sticky":false,"template":"","format":"standard","meta":{"footnotes":""},"categories":[35,30],"tags":[],"class_list":["post-64558","post","type-post","status-publish","format-standard","has-post-thumbnail","hentry","category-cdmx","category-destacado"],"_links":{"self":[{"href":"https:\/\/elinformante.mx\/index.php?rest_route=\/wp\/v2\/posts\/64558","targetHints":{"allow":["GET"]}}],"collection":[{"href":"https:\/\/elinformante.mx\/index.php?rest_route=\/wp\/v2\/posts"}],"about":[{"href":"https:\/\/elinformante.mx\/index.php?rest_route=\/wp\/v2\/types\/post"}],"author":[{"embeddable":true,"href":"https:\/\/elinformante.mx\/index.php?rest_route=\/wp\/v2\/users\/1"}],"replies":[{"embeddable":true,"href":"https:\/\/elinformante.mx\/index.php?rest_route=%2Fwp%2Fv2%2Fcomments&post=64558"}],"version-history":[{"count":0,"href":"https:\/\/elinformante.mx\/index.php?rest_route=\/wp\/v2\/posts\/64558\/revisions"}],"wp:featuredmedia":[{"embeddable":true,"href":"https:\/\/elinformante.mx\/index.php?rest_route=\/wp\/v2\/media\/64559"}],"wp:attachment":[{"href":"https:\/\/elinformante.mx\/index.php?rest_route=%2Fwp%2Fv2%2Fmedia&parent=64558"}],"wp:term":[{"taxonomy":"category","embeddable":true,"href":"https:\/\/elinformante.mx\/index.php?rest_route=%2Fwp%2Fv2%2Fcategories&post=64558"},{"taxonomy":"post_tag","embeddable":true,"href":"https:\/\/elinformante.mx\/index.php?rest_route=%2Fwp%2Fv2%2Ftags&post=64558"}],"curies":[{"name":"wp","href":"https:\/\/api.w.org\/{rel}","templated":true}]}}