{"id":64599,"date":"2024-09-20T16:32:52","date_gmt":"2024-09-20T22:32:52","guid":{"rendered":"https:\/\/elinformante.mx\/?p=64599"},"modified":"2024-09-20T16:38:29","modified_gmt":"2024-09-20T22:38:29","slug":"amlo-no-celebra-la-desaparicion-del-prd","status":"publish","type":"post","link":"https:\/\/elinformante.mx\/?p=64599","title":{"rendered":"AMLO NO CELEBRA LA DESAPARICI\u00d3N DEL PRD"},"content":{"rendered":"\n<p>Luego de que el PRD perdiera el registro, el presidente de #M\u00e9xico, Andr\u00e9s Manuel L\u00f3pez Obrador, dijo que no lo celebra, pues le tiene mucho cari\u00f1o a ese partido. El tabasque\u00f1o record\u00f3 que \u00e9l fue fundador y dirigente del PRD y que durante su dirigencia se rompi\u00f3 el bipartidismo.\u00a0\u00a0\u00a0\u00a0<br><\/p>\n\n\n\n<p>El mandatario indic\u00f3 que fueron las circunstancias las que llevaron al PRD a perder su registro y recomend\u00f3 a otros partidos, incluyendo a Morena, aprender la lecci\u00f3n<\/p>\n","protected":false},"excerpt":{"rendered":"<p>Luego de que el PRD perdiera el registro, el presidente de #M\u00e9xico, Andr\u00e9s Manuel L\u00f3pez Obrador, dijo que no lo celebra, pues le tiene mucho cari\u00f1o a ese partido. El tabasque\u00f1o record\u00f3 que \u00e9l fue fundador y dirigente del PRD y que durante su dirigencia se rompi\u00f3 el bipartidismo.\u00a0\u00a0\u00a0\u00a0 El mandatario indic\u00f3 que fueron las [&hellip;]<\/p>\n","protected":false},"author":2,"featured_media":64600,"comment_status":"closed","ping_status":"closed","sticky":false,"template":"","format":"standard","meta":{"footnotes":""},"categories":[34],"tags":[],"class_list":["post-64599","post","type-post","status-publish","format-standard","has-post-thumbnail","hentry","category-nacional"],"_links":{"self":[{"href":"https:\/\/elinformante.mx\/index.php?rest_route=\/wp\/v2\/posts\/64599","targetHints":{"allow":["GET"]}}],"collection":[{"href":"https:\/\/elinformante.mx\/index.php?rest_route=\/wp\/v2\/posts"}],"about":[{"href":"https:\/\/elinformante.mx\/index.php?rest_route=\/wp\/v2\/types\/post"}],"author":[{"embeddable":true,"href":"https:\/\/elinformante.mx\/index.php?rest_route=\/wp\/v2\/users\/2"}],"replies":[{"embeddable":true,"href":"https:\/\/elinformante.mx\/index.php?rest_route=%2Fwp%2Fv2%2Fcomments&post=64599"}],"version-history":[{"count":0,"href":"https:\/\/elinformante.mx\/index.php?rest_route=\/wp\/v2\/posts\/64599\/revisions"}],"wp:featuredmedia":[{"embeddable":true,"href":"https:\/\/elinformante.mx\/index.php?rest_route=\/wp\/v2\/media\/64600"}],"wp:attachment":[{"href":"https:\/\/elinformante.mx\/index.php?rest_route=%2Fwp%2Fv2%2Fmedia&parent=64599"}],"wp:term":[{"taxonomy":"category","embeddable":true,"href":"https:\/\/elinformante.mx\/index.php?rest_route=%2Fwp%2Fv2%2Fcategories&post=64599"},{"taxonomy":"post_tag","embeddable":true,"href":"https:\/\/elinformante.mx\/index.php?rest_route=%2Fwp%2Fv2%2Ftags&post=64599"}],"curies":[{"name":"wp","href":"https:\/\/api.w.org\/{rel}","templated":true}]}}