{"id":64606,"date":"2024-09-20T16:37:06","date_gmt":"2024-09-20T22:37:06","guid":{"rendered":"https:\/\/elinformante.mx\/?p=64606"},"modified":"2024-09-20T16:37:07","modified_gmt":"2024-09-20T22:37:07","slug":"chicharito-hernandez-se-vuelve-a-lesionar","status":"publish","type":"post","link":"https:\/\/elinformante.mx\/?p=64606","title":{"rendered":"&#8220;CHICHARITO&#8221;\u00a0 HERN\u00c1NDEZ SE VUELVE A LESIONAR"},"content":{"rendered":"\n<p>\u00a0Este mediod\u00eda, el club Chivas inform\u00f3 que su hist\u00f3rico delantero Javier \u201cChicharito\u201d Hern\u00e1ndez presenta una lesi\u00f3n muscular en el femoral izquierdo tras el partido contra el Le\u00f3n del pasado mi\u00e9rcoles\u00a0\u00a0\u00a0\u00a0<br><\/p>\n\n\n\n<p>Estar\u00e1 fuera de las canchas por 3 semanas aproximadamente<\/p>\n","protected":false},"excerpt":{"rendered":"<p>\u00a0Este mediod\u00eda, el club Chivas inform\u00f3 que su hist\u00f3rico delantero Javier \u201cChicharito\u201d Hern\u00e1ndez presenta una lesi\u00f3n muscular en el femoral izquierdo tras el partido contra el Le\u00f3n del pasado mi\u00e9rcoles\u00a0\u00a0\u00a0\u00a0 Estar\u00e1 fuera de las canchas por 3 semanas aproximadamente<\/p>\n","protected":false},"author":2,"featured_media":64607,"comment_status":"closed","ping_status":"closed","sticky":false,"template":"","format":"standard","meta":{"footnotes":""},"categories":[38],"tags":[],"class_list":["post-64606","post","type-post","status-publish","format-standard","has-post-thumbnail","hentry","category-deportes"],"_links":{"self":[{"href":"https:\/\/elinformante.mx\/index.php?rest_route=\/wp\/v2\/posts\/64606","targetHints":{"allow":["GET"]}}],"collection":[{"href":"https:\/\/elinformante.mx\/index.php?rest_route=\/wp\/v2\/posts"}],"about":[{"href":"https:\/\/elinformante.mx\/index.php?rest_route=\/wp\/v2\/types\/post"}],"author":[{"embeddable":true,"href":"https:\/\/elinformante.mx\/index.php?rest_route=\/wp\/v2\/users\/2"}],"replies":[{"embeddable":true,"href":"https:\/\/elinformante.mx\/index.php?rest_route=%2Fwp%2Fv2%2Fcomments&post=64606"}],"version-history":[{"count":0,"href":"https:\/\/elinformante.mx\/index.php?rest_route=\/wp\/v2\/posts\/64606\/revisions"}],"wp:featuredmedia":[{"embeddable":true,"href":"https:\/\/elinformante.mx\/index.php?rest_route=\/wp\/v2\/media\/64607"}],"wp:attachment":[{"href":"https:\/\/elinformante.mx\/index.php?rest_route=%2Fwp%2Fv2%2Fmedia&parent=64606"}],"wp:term":[{"taxonomy":"category","embeddable":true,"href":"https:\/\/elinformante.mx\/index.php?rest_route=%2Fwp%2Fv2%2Fcategories&post=64606"},{"taxonomy":"post_tag","embeddable":true,"href":"https:\/\/elinformante.mx\/index.php?rest_route=%2Fwp%2Fv2%2Ftags&post=64606"}],"curies":[{"name":"wp","href":"https:\/\/api.w.org\/{rel}","templated":true}]}}