{"id":64875,"date":"2024-09-25T00:49:26","date_gmt":"2024-09-25T06:49:26","guid":{"rendered":"https:\/\/elinformante.mx\/?p=64875"},"modified":"2024-09-25T00:51:28","modified_gmt":"2024-09-25T06:51:28","slug":"64875","status":"publish","type":"post","link":"https:\/\/elinformante.mx\/?p=64875","title":{"rendered":""},"content":{"rendered":"\n<p>La gobernadora del Estado de M\u00e9xico, la maestra Delfina G\u00f3mez \u00c1lvarez, acudi\u00f3 al Teatro Morelos de Toluca para rendir su Informe de Gobierno a la Junta de Coordinaci\u00f3n Pol\u00edtica de la LXII Legislatura estatal.<\/p>\n\n\n\n<p>Acompa\u00f1aron a la Gobernadora Delfina G\u00f3mez \u00c1lvarez en este Primer Informe integrantes de su Gabinete de Gobierno, el Presidente de la Mesa Directiva de la LXII Legislatura del Estado, el Presidente del Tribunal Superior de Justicia del Estado de M\u00e9xico, representantes de la Defensa Nacional, Marina y la Guardia Nacional, Senadoras, Senadores, Diputadas y Diputados federales y locales, Gobernadoras y Gobernadores, Presidentas y Presidentes municipales, ex gobernadores del Estado de M\u00e9xico.<\/p>\n\n\n\n<p>Tambi\u00e9n se dieron cita distinguidos invitados especiales, como el presidente de Grupo Capital Media, Luis Maccise Uribe, y el Presidente de Grupo Period\u00edstico M\u00e9xico, Lic Javier Garc\u00eda Beltr\u00e1n C., as\u00ed como empresarios y representantes de la sociedad civil.<\/p>\n\n\n\n<p>La Titular del Ejecutivo agradeci\u00f3 a los integrantes de su Gabinete el compromiso que han mostrado con el pueblo y los invit\u00f3 a seguir trabajando por el bienestar de las familias mexiquenses.<\/p>\n","protected":false},"excerpt":{"rendered":"<p>La gobernadora del Estado de M\u00e9xico, la maestra Delfina G\u00f3mez \u00c1lvarez, acudi\u00f3 al Teatro Morelos de Toluca para rendir su Informe de Gobierno a la Junta de Coordinaci\u00f3n Pol\u00edtica de la LXII Legislatura estatal. Acompa\u00f1aron a la Gobernadora Delfina G\u00f3mez \u00c1lvarez en este Primer Informe integrantes de su Gabinete de Gobierno, el Presidente de la [&hellip;]<\/p>\n","protected":false},"author":1,"featured_media":64876,"comment_status":"closed","ping_status":"closed","sticky":false,"template":"","format":"standard","meta":{"footnotes":""},"categories":[36],"tags":[],"class_list":["post-64875","post","type-post","status-publish","format-standard","has-post-thumbnail","hentry","category-edomex"],"_links":{"self":[{"href":"https:\/\/elinformante.mx\/index.php?rest_route=\/wp\/v2\/posts\/64875","targetHints":{"allow":["GET"]}}],"collection":[{"href":"https:\/\/elinformante.mx\/index.php?rest_route=\/wp\/v2\/posts"}],"about":[{"href":"https:\/\/elinformante.mx\/index.php?rest_route=\/wp\/v2\/types\/post"}],"author":[{"embeddable":true,"href":"https:\/\/elinformante.mx\/index.php?rest_route=\/wp\/v2\/users\/1"}],"replies":[{"embeddable":true,"href":"https:\/\/elinformante.mx\/index.php?rest_route=%2Fwp%2Fv2%2Fcomments&post=64875"}],"version-history":[{"count":0,"href":"https:\/\/elinformante.mx\/index.php?rest_route=\/wp\/v2\/posts\/64875\/revisions"}],"wp:featuredmedia":[{"embeddable":true,"href":"https:\/\/elinformante.mx\/index.php?rest_route=\/wp\/v2\/media\/64876"}],"wp:attachment":[{"href":"https:\/\/elinformante.mx\/index.php?rest_route=%2Fwp%2Fv2%2Fmedia&parent=64875"}],"wp:term":[{"taxonomy":"category","embeddable":true,"href":"https:\/\/elinformante.mx\/index.php?rest_route=%2Fwp%2Fv2%2Fcategories&post=64875"},{"taxonomy":"post_tag","embeddable":true,"href":"https:\/\/elinformante.mx\/index.php?rest_route=%2Fwp%2Fv2%2Ftags&post=64875"}],"curies":[{"name":"wp","href":"https:\/\/api.w.org\/{rel}","templated":true}]}}