{"id":64886,"date":"2024-09-25T06:18:32","date_gmt":"2024-09-25T12:18:32","guid":{"rendered":"https:\/\/elinformante.mx\/?p=64886"},"modified":"2024-09-25T06:18:33","modified_gmt":"2024-09-25T12:18:33","slug":"luis-miguel-cancela-concierto-en-culiacan-por-violencia","status":"publish","type":"post","link":"https:\/\/elinformante.mx\/?p=64886","title":{"rendered":"Luis Miguel cancela concierto en Culiac\u00e1n por violencia"},"content":{"rendered":"\n<blockquote class=\"wp-block-quote is-layout-flow wp-block-quote-is-layout-flow\">\n<p>A\u00fan se desconoce si el cantante reprogramar\u00e1 la presentaci\u00f3n.<\/p>\n<\/blockquote>\n\n\n\n<p>La violencia que se ha prolongado por diecis\u00e9is d\u00edas en Sinaloa ahora tambi\u00e9n afecta al mundo del espect\u00e1culo, en especial el concierto de Luis Miguel, que fue cancelado.<br><\/p>\n\n\n\n<p>El cantante se presentar\u00eda este pr\u00f3ximo 27 de septiembre en el Estadio de futbol de los Dorados; sin embargo, los organizadores del evento confirmaron que este ha sido suspendido, hasta ahora, no se sabe si se reprogramar\u00e1 para cuando las condiciones lo permitan.<br><\/p>\n\n\n\n<figure class=\"wp-block-image size-large\"><img fetchpriority=\"high\" decoding=\"async\" width=\"1024\" height=\"503\" src=\"https:\/\/elinformante.mx\/wp-content\/uploads\/2024\/09\/15luis-1024x503.jpg\" alt=\"\" class=\"wp-image-64888\" srcset=\"https:\/\/elinformante.mx\/wp-content\/uploads\/2024\/09\/15luis-1024x503.jpg 1024w, https:\/\/elinformante.mx\/wp-content\/uploads\/2024\/09\/15luis-300x147.jpg 300w, https:\/\/elinformante.mx\/wp-content\/uploads\/2024\/09\/15luis-768x377.jpg 768w, https:\/\/elinformante.mx\/wp-content\/uploads\/2024\/09\/15luis-580x285.jpg 580w, https:\/\/elinformante.mx\/wp-content\/uploads\/2024\/09\/15luis-860x422.jpg 860w, https:\/\/elinformante.mx\/wp-content\/uploads\/2024\/09\/15luis.jpg 1140w\" sizes=\"(max-width: 1024px) 100vw, 1024px\" \/><\/figure>\n\n\n\n<p>A causa de los enfrentamientos y persecuciones que se han presentado, no solamente en la capital del estado, sino en otros cuatro municipios cercanos; artistas que ten\u00edan programadas sus presentaciones para este mes en Culiac\u00e1n y Mazatl\u00e1n, como Belanova y Alejandra Guzm\u00e1n, tuvieron que pausarlas.<br><\/p>\n\n\n\n<p>Ante la ola de inseguridad, el propio alcalde de Culiac\u00e1n, Juan de Dios G\u00e1mez Mend\u00edvil, se vio obligado a cancelar los festejos del 493 aniversario de la fundaci\u00f3n de esta ciudad, en los que se ten\u00eda previsto instalar juegos mec\u00e1nicos para ni\u00f1os, as\u00ed como shows de artistas regionales y la Banda musical MS.<br><\/p>\n\n\n\n<p>A\u00fan falta por definirse si el int\u00e9rprete de \u201cSuave\u201d podr\u00e1 presentarse este pr\u00f3ximo 29 de septiembre en Mazatl\u00e1n, tal y como se tiene previsto.<\/p>\n","protected":false},"excerpt":{"rendered":"<p>A\u00fan se desconoce si el cantante reprogramar\u00e1 la presentaci\u00f3n. La violencia que se ha prolongado por diecis\u00e9is d\u00edas en Sinaloa ahora tambi\u00e9n afecta al mundo del espect\u00e1culo, en especial el concierto de Luis Miguel, que fue cancelado. El cantante se presentar\u00eda este pr\u00f3ximo 27 de septiembre en el Estadio de futbol de los Dorados; sin [&hellip;]<\/p>\n","protected":false},"author":1,"featured_media":64887,"comment_status":"closed","ping_status":"closed","sticky":false,"template":"","format":"standard","meta":{"footnotes":""},"categories":[30,39],"tags":[],"class_list":["post-64886","post","type-post","status-publish","format-standard","has-post-thumbnail","hentry","category-destacado","category-espectaculos"],"_links":{"self":[{"href":"https:\/\/elinformante.mx\/index.php?rest_route=\/wp\/v2\/posts\/64886","targetHints":{"allow":["GET"]}}],"collection":[{"href":"https:\/\/elinformante.mx\/index.php?rest_route=\/wp\/v2\/posts"}],"about":[{"href":"https:\/\/elinformante.mx\/index.php?rest_route=\/wp\/v2\/types\/post"}],"author":[{"embeddable":true,"href":"https:\/\/elinformante.mx\/index.php?rest_route=\/wp\/v2\/users\/1"}],"replies":[{"embeddable":true,"href":"https:\/\/elinformante.mx\/index.php?rest_route=%2Fwp%2Fv2%2Fcomments&post=64886"}],"version-history":[{"count":0,"href":"https:\/\/elinformante.mx\/index.php?rest_route=\/wp\/v2\/posts\/64886\/revisions"}],"wp:featuredmedia":[{"embeddable":true,"href":"https:\/\/elinformante.mx\/index.php?rest_route=\/wp\/v2\/media\/64887"}],"wp:attachment":[{"href":"https:\/\/elinformante.mx\/index.php?rest_route=%2Fwp%2Fv2%2Fmedia&parent=64886"}],"wp:term":[{"taxonomy":"category","embeddable":true,"href":"https:\/\/elinformante.mx\/index.php?rest_route=%2Fwp%2Fv2%2Fcategories&post=64886"},{"taxonomy":"post_tag","embeddable":true,"href":"https:\/\/elinformante.mx\/index.php?rest_route=%2Fwp%2Fv2%2Ftags&post=64886"}],"curies":[{"name":"wp","href":"https:\/\/api.w.org\/{rel}","templated":true}]}}