{"id":64896,"date":"2024-09-25T06:24:28","date_gmt":"2024-09-25T12:24:28","guid":{"rendered":"https:\/\/elinformante.mx\/?p=64896"},"modified":"2024-09-25T06:24:29","modified_gmt":"2024-09-25T12:24:29","slug":"desarticula-fgr-banda-de-trafico-infantil","status":"publish","type":"post","link":"https:\/\/elinformante.mx\/?p=64896","title":{"rendered":"Desarticula FGR banda de tr\u00e1fico infantil"},"content":{"rendered":"\n<blockquote class=\"wp-block-quote is-layout-flow wp-block-quote-is-layout-flow\">\n<p>Tras lograr el rescate de dos infantes, se detuvieron a tres personas durante el operativo.<\/p>\n<\/blockquote>\n\n\n\n<p>La FGR dio a conocer que su Fiscal\u00eda Especializada en materia de Derechos Humanos (FEMDH), logr\u00f3 desmantelar a una organizaci\u00f3n criminal que presuntamente operaba en los estados de Chiapas, Morelos y Puebla.<br><\/p>\n\n\n\n<p>Tras la detenci\u00f3n de tres personas obtuvo su vinculaci\u00f3n a proceso por su probable responsabilidad en el delito de secuestro.<br><\/p>\n\n\n\n<p>Fue mediante una denuncia que se iniciaron las investigaciones para identificar a la banda delictiva se\u00f1alada por robo y tr\u00e1fico de infantes; se lograron obtener seis \u00f3rdenes de aprehensi\u00f3n y se realizaron el mismo n\u00famero de cateos simult\u00e1neos, cuatro en Puebla y dos en Morelos. En una de ellas se logr\u00f3 rescatar a dos menores de edad en Jiquipilas, Chiapas.<br><\/p>\n\n\n\n<p>Los vinculados a proceso fuero Pablo \u201cO\u201d, en Cuautla, Morelos que presuntamente consegu\u00eda actas de nacimiento ap\u00f3crifas en el Registro Civil de Cuautla; mientras que Jes\u00fas \u201cL\u201d y Dalindy \u201cC\u201d, aprehendidos en Oaxaca, eran quienes los trasladaban a Chiapas. Adem\u00e1s que se acredit\u00f3 que ellos buscaban a los beb\u00e9s para venderlos, mientras que una de las detenidas era quien supuestamente los cuidaba mientras los ten\u00edan secuestrados.<br><\/p>\n\n\n\n<p>Finalmente, la Fiscal\u00eda dijo que continuar\u00e1 con las investigaciones para ejercer acci\u00f3n penal en contra de otros probables integrantes de la banda delictiva.<\/p>\n","protected":false},"excerpt":{"rendered":"<p>Tras lograr el rescate de dos infantes, se detuvieron a tres personas durante el operativo. La FGR dio a conocer que su Fiscal\u00eda Especializada en materia de Derechos Humanos (FEMDH), logr\u00f3 desmantelar a una organizaci\u00f3n criminal que presuntamente operaba en los estados de Chiapas, Morelos y Puebla. Tras la detenci\u00f3n de tres personas obtuvo su [&hellip;]<\/p>\n","protected":false},"author":1,"featured_media":64897,"comment_status":"closed","ping_status":"closed","sticky":false,"template":"","format":"standard","meta":{"footnotes":""},"categories":[36,37],"tags":[],"class_list":["post-64896","post","type-post","status-publish","format-standard","has-post-thumbnail","hentry","category-edomex","category-justicia"],"_links":{"self":[{"href":"https:\/\/elinformante.mx\/index.php?rest_route=\/wp\/v2\/posts\/64896","targetHints":{"allow":["GET"]}}],"collection":[{"href":"https:\/\/elinformante.mx\/index.php?rest_route=\/wp\/v2\/posts"}],"about":[{"href":"https:\/\/elinformante.mx\/index.php?rest_route=\/wp\/v2\/types\/post"}],"author":[{"embeddable":true,"href":"https:\/\/elinformante.mx\/index.php?rest_route=\/wp\/v2\/users\/1"}],"replies":[{"embeddable":true,"href":"https:\/\/elinformante.mx\/index.php?rest_route=%2Fwp%2Fv2%2Fcomments&post=64896"}],"version-history":[{"count":0,"href":"https:\/\/elinformante.mx\/index.php?rest_route=\/wp\/v2\/posts\/64896\/revisions"}],"wp:featuredmedia":[{"embeddable":true,"href":"https:\/\/elinformante.mx\/index.php?rest_route=\/wp\/v2\/media\/64897"}],"wp:attachment":[{"href":"https:\/\/elinformante.mx\/index.php?rest_route=%2Fwp%2Fv2%2Fmedia&parent=64896"}],"wp:term":[{"taxonomy":"category","embeddable":true,"href":"https:\/\/elinformante.mx\/index.php?rest_route=%2Fwp%2Fv2%2Fcategories&post=64896"},{"taxonomy":"post_tag","embeddable":true,"href":"https:\/\/elinformante.mx\/index.php?rest_route=%2Fwp%2Fv2%2Ftags&post=64896"}],"curies":[{"name":"wp","href":"https:\/\/api.w.org\/{rel}","templated":true}]}}