{"id":64899,"date":"2024-09-25T06:25:16","date_gmt":"2024-09-25T12:25:16","guid":{"rendered":"https:\/\/elinformante.mx\/?p=64899"},"modified":"2024-09-25T06:25:17","modified_gmt":"2024-09-25T12:25:17","slug":"oscar-n-regidor-de-metepec-es-vinculado-a-proceso-acusado-de-violacion","status":"publish","type":"post","link":"https:\/\/elinformante.mx\/?p=64899","title":{"rendered":"\u00d3scar \u201cN\u201d, regidor de Metepec, es vinculado a proceso acusado de violaci\u00f3n"},"content":{"rendered":"\n<blockquote class=\"wp-block-quote is-layout-flow wp-block-quote-is-layout-flow\">\n<p>El Juez de Control le impuso prisi\u00f3n preventiva justificada, toda vez que el Agente del Ministerio P\u00fablico acredit\u00f3 que exist\u00eda el riesgo de que el vinculado se sustrajera de la acci\u00f3n de la justicia.<\/p>\n<\/blockquote>\n\n\n\n<p>\u00d3scar \u201cN\u201d, quien se desempe\u00f1a como Regidor del municipio de Metepec, fue vinculado a proceso, luego de que la Fiscal\u00eda General de Justicia del Estado de M\u00e9xico acredit\u00f3 su probable intervenci\u00f3n en el delito de violaci\u00f3n en agravio de una joven de 23 a\u00f1os, a quien habr\u00eda agredido sexualmente el pasado 10 de agosto.<br><\/p>\n\n\n\n<p>La Autoridad determin\u00f3 iniciar proceso legal en contra de este individuo, estableciendo medida cautelar de prisi\u00f3n preventiva justificada al existir el riesgo de sustraerse de la acci\u00f3n de la justicia.<br><\/p>\n\n\n\n<p>Fue el pasado 10 de agosto, cuando la v\u00edctima y \u00d3scar \u201cN\u201d salieron de un restaurante de alimentos y abordaron la unidad automotora de la femenina, la cual condujo el probable imputado, para dirigirse a otro sitio de la zona.<br><\/p>\n\n\n\n<p>En el trayecto, Oscar \u201cN\u201d se desvi\u00f3 a la calle Fresno, en el municipio de San Mateo Atenco, donde presuntamente agredi\u00f3 f\u00edsica y sexualmente a la v\u00edctima; luego de los hechos, la v\u00edctima logr\u00f3 descender del veh\u00edculo y solicit\u00f3 auxilio. Tras varias indagaciones se logr\u00f3 obtener la orden de aprehensi\u00f3n, siendo ubicado en Durango, los agentes de la Fiscal\u00eda mexiquense se trasladaron a esa entidad para lograr la aprehensi\u00f3n con la colaboraci\u00f3n de la Fiscal\u00eda General de ese estado, as\u00ed como de la Secretar\u00eda de Seguridad y Protecci\u00f3n Ciudadana del Gobierno de M\u00e9xico (SSPC) y de la Comisi\u00f3n Nacional Antihomicidio (CONAHO).<br><\/p>\n\n\n\n<p>\u00d3scar \u201cN\u201d fue aprehendido en la ciudad de Durango y trasladado a Estado de M\u00e9xico, ya en territorio mexiquense y con el apoyo de la Polic\u00eda Municipal de Metepec, fue ingresado al Centro Penitenciario y Reinserci\u00f3n Social de Lerma, a disposici\u00f3n del \u00d3rgano Jurisdiccional.<\/p>\n","protected":false},"excerpt":{"rendered":"<p>El Juez de Control le impuso prisi\u00f3n preventiva justificada, toda vez que el Agente del Ministerio P\u00fablico acredit\u00f3 que exist\u00eda el riesgo de que el vinculado se sustrajera de la acci\u00f3n de la justicia. \u00d3scar \u201cN\u201d, quien se desempe\u00f1a como Regidor del municipio de Metepec, fue vinculado a proceso, luego de que la Fiscal\u00eda General [&hellip;]<\/p>\n","protected":false},"author":1,"featured_media":64900,"comment_status":"closed","ping_status":"closed","sticky":false,"template":"","format":"standard","meta":{"footnotes":""},"categories":[36,37],"tags":[],"class_list":["post-64899","post","type-post","status-publish","format-standard","has-post-thumbnail","hentry","category-edomex","category-justicia"],"_links":{"self":[{"href":"https:\/\/elinformante.mx\/index.php?rest_route=\/wp\/v2\/posts\/64899","targetHints":{"allow":["GET"]}}],"collection":[{"href":"https:\/\/elinformante.mx\/index.php?rest_route=\/wp\/v2\/posts"}],"about":[{"href":"https:\/\/elinformante.mx\/index.php?rest_route=\/wp\/v2\/types\/post"}],"author":[{"embeddable":true,"href":"https:\/\/elinformante.mx\/index.php?rest_route=\/wp\/v2\/users\/1"}],"replies":[{"embeddable":true,"href":"https:\/\/elinformante.mx\/index.php?rest_route=%2Fwp%2Fv2%2Fcomments&post=64899"}],"version-history":[{"count":0,"href":"https:\/\/elinformante.mx\/index.php?rest_route=\/wp\/v2\/posts\/64899\/revisions"}],"wp:featuredmedia":[{"embeddable":true,"href":"https:\/\/elinformante.mx\/index.php?rest_route=\/wp\/v2\/media\/64900"}],"wp:attachment":[{"href":"https:\/\/elinformante.mx\/index.php?rest_route=%2Fwp%2Fv2%2Fmedia&parent=64899"}],"wp:term":[{"taxonomy":"category","embeddable":true,"href":"https:\/\/elinformante.mx\/index.php?rest_route=%2Fwp%2Fv2%2Fcategories&post=64899"},{"taxonomy":"post_tag","embeddable":true,"href":"https:\/\/elinformante.mx\/index.php?rest_route=%2Fwp%2Fv2%2Ftags&post=64899"}],"curies":[{"name":"wp","href":"https:\/\/api.w.org\/{rel}","templated":true}]}}