{"id":64902,"date":"2024-09-25T06:26:51","date_gmt":"2024-09-25T12:26:51","guid":{"rendered":"https:\/\/elinformante.mx\/?p=64902"},"modified":"2024-09-25T06:26:52","modified_gmt":"2024-09-25T12:26:52","slug":"lo-condenan-a-23-anos-de-prision-por-robo-de-vehiculo","status":"publish","type":"post","link":"https:\/\/elinformante.mx\/?p=64902","title":{"rendered":"Lo condenan a 23 a\u00f1os de prisi\u00f3n por robo de veh\u00edculo"},"content":{"rendered":"\n<blockquote class=\"wp-block-quote is-layout-flow wp-block-quote-is-layout-flow\">\n<p>En complicidad con dos individuos m\u00e1s, amagaron con armas de fuego a dos tripulantes de un veh\u00edculo para hurtarles dicha unidad automotora.<\/p>\n<\/blockquote>\n\n\n\n<p>Mariano Ram\u00edrez Cruz fue sentenciado a 23 a\u00f1os y 3 meses de prisi\u00f3n, luego de que la FGJEM acredit\u00f3 su intervenci\u00f3n en un robo de veh\u00edculo con violencia cometido en esta regi\u00f3n de la entidad.<br><\/p>\n\n\n\n<p>Este individuo fue encontrado responsable de hechos registrados el 6 de marzo de este a\u00f1o, cuando en complicidad con otros dos sujetos hurtaron una unidad automotora en la autopista M\u00e9xico-Tulancingo, kil\u00f3metro 42, del Barrio San Vicente.<br><\/p>\n\n\n\n<p>Se determin\u00f3 que ese d\u00eda dos personas viajaban a bordo de un veh\u00edculo marca Toyota y en la vialidad referida fueron interceptados por Mariano Ram\u00edrez Cruz y sus c\u00f3mplices, quienes tripulaban un autom\u00f3vil Ford, tipo Focus. Posteriormente dichos individuos, quienes portaban armas de fuego, amagaron a las v\u00edctimas para hurtarles dicha unidad automotora.<br><\/p>\n\n\n\n<p>Con el avance en la indagatoria fue posible detener al responsable, quien fue ingresado al Centro Penitenciario y de Reinserci\u00f3n Social de Otumba, a disposici\u00f3n de la Autoridad Judicial, quien luego de revisar los datos de prueba recabados, aportados y expuestos por el Representante Social, y tras proceso legal, le fue dictada la sentencia de condena.<br><\/p>\n\n\n\n<p>Adem\u00e1s de la pena privativa de libertad, este individuo deber\u00e1 pagar una multa, en tanto que suspendi\u00f3 sus derechos civiles y pol\u00edticos.<\/p>\n","protected":false},"excerpt":{"rendered":"<p>En complicidad con dos individuos m\u00e1s, amagaron con armas de fuego a dos tripulantes de un veh\u00edculo para hurtarles dicha unidad automotora. Mariano Ram\u00edrez Cruz fue sentenciado a 23 a\u00f1os y 3 meses de prisi\u00f3n, luego de que la FGJEM acredit\u00f3 su intervenci\u00f3n en un robo de veh\u00edculo con violencia cometido en esta regi\u00f3n de [&hellip;]<\/p>\n","protected":false},"author":1,"featured_media":64903,"comment_status":"closed","ping_status":"closed","sticky":false,"template":"","format":"standard","meta":{"footnotes":""},"categories":[30,36,37],"tags":[],"class_list":["post-64902","post","type-post","status-publish","format-standard","has-post-thumbnail","hentry","category-destacado","category-edomex","category-justicia"],"_links":{"self":[{"href":"https:\/\/elinformante.mx\/index.php?rest_route=\/wp\/v2\/posts\/64902","targetHints":{"allow":["GET"]}}],"collection":[{"href":"https:\/\/elinformante.mx\/index.php?rest_route=\/wp\/v2\/posts"}],"about":[{"href":"https:\/\/elinformante.mx\/index.php?rest_route=\/wp\/v2\/types\/post"}],"author":[{"embeddable":true,"href":"https:\/\/elinformante.mx\/index.php?rest_route=\/wp\/v2\/users\/1"}],"replies":[{"embeddable":true,"href":"https:\/\/elinformante.mx\/index.php?rest_route=%2Fwp%2Fv2%2Fcomments&post=64902"}],"version-history":[{"count":0,"href":"https:\/\/elinformante.mx\/index.php?rest_route=\/wp\/v2\/posts\/64902\/revisions"}],"wp:featuredmedia":[{"embeddable":true,"href":"https:\/\/elinformante.mx\/index.php?rest_route=\/wp\/v2\/media\/64903"}],"wp:attachment":[{"href":"https:\/\/elinformante.mx\/index.php?rest_route=%2Fwp%2Fv2%2Fmedia&parent=64902"}],"wp:term":[{"taxonomy":"category","embeddable":true,"href":"https:\/\/elinformante.mx\/index.php?rest_route=%2Fwp%2Fv2%2Fcategories&post=64902"},{"taxonomy":"post_tag","embeddable":true,"href":"https:\/\/elinformante.mx\/index.php?rest_route=%2Fwp%2Fv2%2Ftags&post=64902"}],"curies":[{"name":"wp","href":"https:\/\/api.w.org\/{rel}","templated":true}]}}