{"id":64909,"date":"2024-09-25T06:33:45","date_gmt":"2024-09-25T12:33:45","guid":{"rendered":"https:\/\/elinformante.mx\/?p=64909"},"modified":"2024-09-25T06:33:46","modified_gmt":"2024-09-25T12:33:46","slug":"uaemex-pedira-un-aumento-en-su-presupuesto-cebd","status":"publish","type":"post","link":"https:\/\/elinformante.mx\/?p=64909","title":{"rendered":"UAEM\u00e9x pedir\u00e1 un aumento en su presupuesto: CEBD"},"content":{"rendered":"\n<blockquote class=\"wp-block-quote is-layout-flow wp-block-quote-is-layout-flow\">\n<p>Este aumento servir\u00e1 tanto para el pago de los trabajadores como para atender la matr\u00edcula de alumnos.<\/p>\n<\/blockquote>\n\n\n\n<p>Carlos Eduardo Barrera D\u00edaz, rector de la Universidad Aut\u00f3noma del Estado de M\u00e9xico, mencion\u00f3 que se pedir\u00e1 un incremento al presupuesto de la m\u00e1xima casa de estudios mexiquense.<br><\/p>\n\n\n\n<p>\u00c9ste aumento es con el fin de poder solventar los pagos de las y los trabajadores de la m\u00e1xima casa de estudios mexiquense, adem\u00e1s de poder brindar mejores condiciones a los estudiantes, cuya matr\u00edcula se ampliar\u00e1.<br><\/p>\n\n\n\n<p>Tras asistir al Primer Informe de Resultados de la gobernadora Delfina G\u00f3mez \u00c1lvarez, el rector coment\u00f3 que se usar\u00e1 el aumento para poder realizar los pagos puntuales y de manera efectiva a los trabajadores. Aunque el rector no revel\u00f3 el porcentaje que se busca aumenten, indic\u00f3 que se necesita para atender a la matr\u00edcula que aumentar\u00e1 a m\u00e1s de 98 mil alumnos.<br><\/p>\n\n\n\n<p>\u201cVamos a llegar a una matr\u00edcula de m\u00e1s de 98 mil estudiantes, siempre importante para poder atender a mayor cantidad de estudiantes en todos los 24 municipios que tenemos presencia\u201d.<br><\/p>\n\n\n\n<p>Este aumento se tendr\u00e1 que solicitar al Gobierno del Estado de M\u00e9xico, haciendo primero, una propuesta que se entregar\u00e1 a la C\u00e1mara de Diputados Mexiquense, para que ellos aprueben o no este incremento.<br><\/p>\n\n\n\n<p>Respecto al informe de la gobernadora, Barrera D\u00edaz reconoci\u00f3 avances, como en econom\u00eda, desde la inversi\u00f3n hasta el empleo, as\u00ed como avances de seguridad con base en las Mesas para la Construcci\u00f3n de la Paz.<\/p>\n","protected":false},"excerpt":{"rendered":"<p>Este aumento servir\u00e1 tanto para el pago de los trabajadores como para atender la matr\u00edcula de alumnos. Carlos Eduardo Barrera D\u00edaz, rector de la Universidad Aut\u00f3noma del Estado de M\u00e9xico, mencion\u00f3 que se pedir\u00e1 un incremento al presupuesto de la m\u00e1xima casa de estudios mexiquense. \u00c9ste aumento es con el fin de poder solventar los [&hellip;]<\/p>\n","protected":false},"author":1,"featured_media":64910,"comment_status":"closed","ping_status":"closed","sticky":false,"template":"","format":"standard","meta":{"footnotes":""},"categories":[30,36],"tags":[],"class_list":["post-64909","post","type-post","status-publish","format-standard","has-post-thumbnail","hentry","category-destacado","category-edomex"],"_links":{"self":[{"href":"https:\/\/elinformante.mx\/index.php?rest_route=\/wp\/v2\/posts\/64909","targetHints":{"allow":["GET"]}}],"collection":[{"href":"https:\/\/elinformante.mx\/index.php?rest_route=\/wp\/v2\/posts"}],"about":[{"href":"https:\/\/elinformante.mx\/index.php?rest_route=\/wp\/v2\/types\/post"}],"author":[{"embeddable":true,"href":"https:\/\/elinformante.mx\/index.php?rest_route=\/wp\/v2\/users\/1"}],"replies":[{"embeddable":true,"href":"https:\/\/elinformante.mx\/index.php?rest_route=%2Fwp%2Fv2%2Fcomments&post=64909"}],"version-history":[{"count":0,"href":"https:\/\/elinformante.mx\/index.php?rest_route=\/wp\/v2\/posts\/64909\/revisions"}],"wp:featuredmedia":[{"embeddable":true,"href":"https:\/\/elinformante.mx\/index.php?rest_route=\/wp\/v2\/media\/64910"}],"wp:attachment":[{"href":"https:\/\/elinformante.mx\/index.php?rest_route=%2Fwp%2Fv2%2Fmedia&parent=64909"}],"wp:term":[{"taxonomy":"category","embeddable":true,"href":"https:\/\/elinformante.mx\/index.php?rest_route=%2Fwp%2Fv2%2Fcategories&post=64909"},{"taxonomy":"post_tag","embeddable":true,"href":"https:\/\/elinformante.mx\/index.php?rest_route=%2Fwp%2Fv2%2Ftags&post=64909"}],"curies":[{"name":"wp","href":"https:\/\/api.w.org\/{rel}","templated":true}]}}