{"id":64927,"date":"2024-09-25T06:50:54","date_gmt":"2024-09-25T12:50:54","guid":{"rendered":"https:\/\/elinformante.mx\/?p=64927"},"modified":"2024-09-25T06:50:55","modified_gmt":"2024-09-25T12:50:55","slug":"se-llevara-a-cabo-la-expo-agroalimentaria-internacional-del-edomex","status":"publish","type":"post","link":"https:\/\/elinformante.mx\/?p=64927","title":{"rendered":"Se llevar\u00e1 a cabo la expo Agroalimentaria Internacional del Edom\u00e9x"},"content":{"rendered":"\n<blockquote class=\"wp-block-quote is-layout-flow wp-block-quote-is-layout-flow\">\n<p>Incluye Granja Did\u00e1ctica y espacio de educaci\u00f3n forestal para acercar a los m\u00e1s peque\u00f1os a las actividades del campo.<\/p>\n<\/blockquote>\n\n\n\n<p>Adem\u00e1s de conferencias magistrales con expertos de seis pa\u00edses, la Expo Agroalimentaria 2024, organizada por la Secretar\u00eda del Campo estatal, contar\u00e1 con mesas de negocios impulsadas por la Secretar\u00eda de Desarrollo Econ\u00f3mico (Sedeco), para los productores, empresarias y empresarios interesados en el sector, actividades culturales promovidas por la Secretar\u00eda de Cultura y Turismo y espacios para que las ni\u00f1as y los ni\u00f1os aprendan sobre las actividades agr\u00edcolas, forestales y los animales de granja.<br><\/p>\n\n\n\n<p>La Expo Agroalimentaria 2024 se realizar\u00e1 los d\u00edas 27 y 28 de septiembre en Conjunto Sedagro en Metepec; habr\u00e1 una Granja Did\u00e1ctica en donde los m\u00e1s peque\u00f1os podr\u00e1n acercarse a la vida del campo y hacer esculturas y pinturas, alimentar animales de granja, participar en el Rally Granjero y en el Concurso de Pintura, as\u00ed como disfrutar de espect\u00e1culo de t\u00edteres y cuentacuentos.<br><\/p>\n\n\n\n<p>En la Escuela de Probosque podr\u00e1n conocer la importancia de los bosques para la producci\u00f3n de agua y ox\u00edgeno, as\u00ed como la prevenci\u00f3n de incendios forestales y las actividades de la Protectora de Bosques del Estado de M\u00e9xico.<br><\/p>\n\n\n\n<p>Dichas actividades infantiles se llevar\u00e1n a cabo el 27 de septiembre de 13:00 a 17:00 horas y s\u00e1bado 28 de septiembre, de 10:00 a 17:00 horas.<br><\/p>\n\n\n\n<p>Tambi\u00e9n habr\u00e1 recorridos por laboratorios, el Banco de Germoplasma y parcelas demostrativas; un corredor gastron\u00f3mico, as\u00ed como exposici\u00f3n de animales y conciertos.<br><\/p>\n\n\n\n<p>Con apoyo de la Direcci\u00f3n General de Comercio, de la Sedeco, las mesas de negocios ser\u00e1n el 28 de septiembre de 10:00 a 16:00 horas, con la finalidad de facilitar la vinculaci\u00f3n directa entre cadenas comerciales del sector restaurantero y productores locales para generar colaboraciones comerciales y fortalecer cadenas de suministro.<br><\/p>\n\n\n\n<p>Para productores, acad\u00e9micos, empresarios y personas interesadas en cambio clim\u00e1tico, huertos, maquinaria, sistemas de riego, comercio justo, agroecolog\u00eda, actividades pecuarias sostenibles y en general nuevas tendencias en el ramo agropecuario; habr\u00e1 conferencias, conversatorios y talleres acerca de estos temas.<br><\/p>\n\n\n\n<p>En esta Expo agroalimentaria presentar\u00e1n productos, capacidades de producci\u00f3n y propuestas de valor, incluyendo demostraciones de procesos de elaboraci\u00f3n de frutas deshidratadas y cortes finos de cordero, as\u00ed como tratamientos y conservaci\u00f3n de hongos zeta y derivados. Tambi\u00e9n se mostrar\u00e1n productos ap\u00edcolas, carne de pavo y huevo, truchas, hortalizas agroalimentarias, caf\u00e9 y caf\u00e9 de especialidad, entre otros art\u00edculos.<\/p>\n","protected":false},"excerpt":{"rendered":"<p>Incluye Granja Did\u00e1ctica y espacio de educaci\u00f3n forestal para acercar a los m\u00e1s peque\u00f1os a las actividades del campo. Adem\u00e1s de conferencias magistrales con expertos de seis pa\u00edses, la Expo Agroalimentaria 2024, organizada por la Secretar\u00eda del Campo estatal, contar\u00e1 con mesas de negocios impulsadas por la Secretar\u00eda de Desarrollo Econ\u00f3mico (Sedeco), para los productores, [&hellip;]<\/p>\n","protected":false},"author":1,"featured_media":64928,"comment_status":"closed","ping_status":"closed","sticky":false,"template":"","format":"standard","meta":{"footnotes":""},"categories":[1],"tags":[],"class_list":["post-64927","post","type-post","status-publish","format-standard","has-post-thumbnail","hentry","category-sin-categoria"],"_links":{"self":[{"href":"https:\/\/elinformante.mx\/index.php?rest_route=\/wp\/v2\/posts\/64927","targetHints":{"allow":["GET"]}}],"collection":[{"href":"https:\/\/elinformante.mx\/index.php?rest_route=\/wp\/v2\/posts"}],"about":[{"href":"https:\/\/elinformante.mx\/index.php?rest_route=\/wp\/v2\/types\/post"}],"author":[{"embeddable":true,"href":"https:\/\/elinformante.mx\/index.php?rest_route=\/wp\/v2\/users\/1"}],"replies":[{"embeddable":true,"href":"https:\/\/elinformante.mx\/index.php?rest_route=%2Fwp%2Fv2%2Fcomments&post=64927"}],"version-history":[{"count":0,"href":"https:\/\/elinformante.mx\/index.php?rest_route=\/wp\/v2\/posts\/64927\/revisions"}],"wp:featuredmedia":[{"embeddable":true,"href":"https:\/\/elinformante.mx\/index.php?rest_route=\/wp\/v2\/media\/64928"}],"wp:attachment":[{"href":"https:\/\/elinformante.mx\/index.php?rest_route=%2Fwp%2Fv2%2Fmedia&parent=64927"}],"wp:term":[{"taxonomy":"category","embeddable":true,"href":"https:\/\/elinformante.mx\/index.php?rest_route=%2Fwp%2Fv2%2Fcategories&post=64927"},{"taxonomy":"post_tag","embeddable":true,"href":"https:\/\/elinformante.mx\/index.php?rest_route=%2Fwp%2Fv2%2Ftags&post=64927"}],"curies":[{"name":"wp","href":"https:\/\/api.w.org\/{rel}","templated":true}]}}