{"id":64940,"date":"2024-09-25T06:59:07","date_gmt":"2024-09-25T12:59:07","guid":{"rendered":"https:\/\/elinformante.mx\/?p=64940"},"modified":"2024-09-25T06:59:09","modified_gmt":"2024-09-25T12:59:09","slug":"los-ninos-siempre-fueron-mi-prioridad-lia-limon","status":"publish","type":"post","link":"https:\/\/elinformante.mx\/?p=64940","title":{"rendered":"\u201cLos ni\u00f1os siempre fueron mi prioridad\u201d: L\u00eda Lim\u00f3n"},"content":{"rendered":"\n<blockquote class=\"wp-block-quote is-layout-flow wp-block-quote-is-layout-flow\">\n<p>En \u00c1lvaro Obreg\u00f3n se realizaron tres talleres de capacitaci\u00f3n dirigidos a agentes educativos y en los que participaron m\u00e1s de 800 personas<\/p>\n<\/blockquote>\n\n\n\n<p>La alcaldesa de \u00c1lvaro Obreg\u00f3n, L\u00eda Lim\u00f3n, asegur\u00f3 que durante estos tres a\u00f1os las ni\u00f1as y los ni\u00f1os fueron su prioridad.<br><\/p>\n\n\n\n<p>Lo anterior fue comentado al recibir el informe de resultados por parte de la organizaci\u00f3n Save the Children en cumplimiento al convenio firmado para la capacitaci\u00f3n de agentes educativos en la demarcaci\u00f3n.<br><\/p>\n\n\n\n<p>Agradeci\u00f3 a Save the Children por sumarse la red de aliadas y aliados comprometidos con la ni\u00f1ez de \u00c1lvaro Obreg\u00f3n, logrando que agentes educativos, mam\u00e1s, pap\u00e1s y cuidadores, a trav\u00e9s del juego, conocieran y desarrollaran actividades que impulsaron el aprendizaje, as\u00ed como una crianza respetuosa de los derechos de la ni\u00f1ez en sus hogares y lugares de cuidado, puntualiz\u00f3.<br><\/p>\n\n\n\n<p>La alcaldesa dio a conocer que, en el marco de este convenio, Save the Children de la mano de The Lego Fundation, realiz\u00f3 tres talleres de capacitaci\u00f3n dirigidos a agentes educativos y en los que participaron m\u00e1s de 800 personas.<br><\/p>\n\n\n\n<p>Dichos talleres tienen el objetivo de unir esfuerzos para la implementaci\u00f3n de estrategias con enfoque integral, dirigidos a fortalecer las capacidades del personal que opera los CACIs y Estancias Infantiles, adem\u00e1s de brindarles herramientas pedag\u00f3gicas.<br><\/p>\n\n\n\n<p>L\u00eda Lim\u00f3n reiter\u00f3 que los derechos de la infancia son una sus causas de vida, por los que se congratul\u00f3 de haber realizado acciones estrat\u00e9gicas en beneficio de la ni\u00f1ez de \u00c1lvaro Obreg\u00f3n, cuyos resultados est\u00e1n a la vista:<br><\/p>\n\n\n\n<p>Se reabrieron 30 Estancias Infantiles a las que asisten mil 156 ni\u00f1as y ni\u00f1os<br><\/p>\n\n\n\n<p>Tambi\u00e9n se reabrieron los 17 CACIS, a los que tambi\u00e9n asisten m\u00e1s de mil ni\u00f1as y ni\u00f1os.<\/p>\n","protected":false},"excerpt":{"rendered":"<p>En \u00c1lvaro Obreg\u00f3n se realizaron tres talleres de capacitaci\u00f3n dirigidos a agentes educativos y en los que participaron m\u00e1s de 800 personas La alcaldesa de \u00c1lvaro Obreg\u00f3n, L\u00eda Lim\u00f3n, asegur\u00f3 que durante estos tres a\u00f1os las ni\u00f1as y los ni\u00f1os fueron su prioridad. Lo anterior fue comentado al recibir el informe de resultados por parte [&hellip;]<\/p>\n","protected":false},"author":1,"featured_media":64941,"comment_status":"closed","ping_status":"closed","sticky":false,"template":"","format":"standard","meta":{"footnotes":""},"categories":[35],"tags":[],"class_list":["post-64940","post","type-post","status-publish","format-standard","has-post-thumbnail","hentry","category-cdmx"],"_links":{"self":[{"href":"https:\/\/elinformante.mx\/index.php?rest_route=\/wp\/v2\/posts\/64940","targetHints":{"allow":["GET"]}}],"collection":[{"href":"https:\/\/elinformante.mx\/index.php?rest_route=\/wp\/v2\/posts"}],"about":[{"href":"https:\/\/elinformante.mx\/index.php?rest_route=\/wp\/v2\/types\/post"}],"author":[{"embeddable":true,"href":"https:\/\/elinformante.mx\/index.php?rest_route=\/wp\/v2\/users\/1"}],"replies":[{"embeddable":true,"href":"https:\/\/elinformante.mx\/index.php?rest_route=%2Fwp%2Fv2%2Fcomments&post=64940"}],"version-history":[{"count":0,"href":"https:\/\/elinformante.mx\/index.php?rest_route=\/wp\/v2\/posts\/64940\/revisions"}],"wp:featuredmedia":[{"embeddable":true,"href":"https:\/\/elinformante.mx\/index.php?rest_route=\/wp\/v2\/media\/64941"}],"wp:attachment":[{"href":"https:\/\/elinformante.mx\/index.php?rest_route=%2Fwp%2Fv2%2Fmedia&parent=64940"}],"wp:term":[{"taxonomy":"category","embeddable":true,"href":"https:\/\/elinformante.mx\/index.php?rest_route=%2Fwp%2Fv2%2Fcategories&post=64940"},{"taxonomy":"post_tag","embeddable":true,"href":"https:\/\/elinformante.mx\/index.php?rest_route=%2Fwp%2Fv2%2Ftags&post=64940"}],"curies":[{"name":"wp","href":"https:\/\/api.w.org\/{rel}","templated":true}]}}