{"id":64943,"date":"2024-09-25T07:00:24","date_gmt":"2024-09-25T13:00:24","guid":{"rendered":"https:\/\/elinformante.mx\/?p=64943"},"modified":"2024-09-25T07:00:25","modified_gmt":"2024-09-25T13:00:25","slug":"celebrara-la-alcaldia-milpa-alta-la-47a-feria-del-mole","status":"publish","type":"post","link":"https:\/\/elinformante.mx\/?p=64943","title":{"rendered":"Celebrar\u00e1 la alcald\u00eda Milpa Alta la 47\u00aa Feria del mole"},"content":{"rendered":"\n<blockquote class=\"wp-block-quote is-layout-flow wp-block-quote-is-layout-flow\">\n<p>Se celebrar\u00e1 del 4 al 27 de octubre y se espera que la visiten alrededor de 300 mil personas procedentes de diferentes estados y pa\u00edses.<\/p>\n<\/blockquote>\n\n\n\n<p>La Secretar\u00eda de Turismo de la Ciudad de M\u00e9xico (SECTUR) anunci\u00f3 que, del 4 al 27 de octubre, en el Pueblo M\u00e1gico de San Pedro Atocpan, Alcald\u00eda Milpa Alta, se llevar\u00e1 a cabo la Feria Nacional del Mole, una fiesta popular con aut\u00e9ntico sabor mexicano, la cual celebra su edici\u00f3n n\u00famero 47, en donde las y los habitantes de la zona involucra sus saberes, recetas y sazones para preparar y ofrecer este emblem\u00e1tico platillo.<br><\/p>\n\n\n\n<p>El director general de Equipamiento Tur\u00edstico de la Secretar\u00eda de Turismo, Lorenzo Arvizo Bencomo, mencion\u00f3 que en esta zona rural y boscosa, existe una oferta tur\u00edstica, cultural y gastron\u00f3mica atractiva, tanto para visitantes del interior del pa\u00eds como extranjeros.<br><\/p>\n\n\n\n<p>Acompa\u00f1ado del alcalde en Milpa Alta, V\u00edctor Manuel Vanegas Tapia y en representaci\u00f3n de la Secretaria de Turismo, Nathalie Desplas Puel, el funcionario de la SECTUR, coment\u00f3 que para el Gobierno de la Ciudad de M\u00e9xico es una prioridad impulsar celebraciones populares como esta, pues as\u00ed se preservan tradiciones y costumbres de los pueblos originarios del Valle de M\u00e9xico.<br><\/p>\n\n\n\n<p>Adem\u00e1s de la Feria del Mole, la Alcald\u00eda de Milpa Alta dispone de las condiciones para la pr\u00e1ctica de otros tipos de turismo y en ese sentido, record\u00f3 que la Sectur capitalina est\u00e1 desarrollando cinco rutas tur\u00edsticas en dicha demarcaci\u00f3n, que tienen que ver con tradiciones ancestrales y la pr\u00e1ctica de actividades f\u00edsicas y de contacto con la naturaleza.<br><\/p>\n\n\n\n<p>El alcalde V\u00edctor Manuel Vanegas Tapia, agreg\u00f3 que la tierra de San Pedro Atocpan podr\u00eda considerarse como la capital del mole, ya que el 60 por ciento del consumo nacional del mole lo generan los pobladores locales, quienes anualmente alcanzan una producci\u00f3n de 50 mil toneladas del producto, el cual se comercializa en todo el territorio nacional y a\u00fan extra fronteras: Estados Unidos, Canad\u00e1 y Am\u00e9rica Latina.<br><\/p>\n\n\n\n<p>Recalc\u00f3 la importancia econ\u00f3mica de la Feria del Mole, pues es una gran oportunidad para la recuperaci\u00f3n de la econom\u00eda local; en esta edici\u00f3n, se esperan superar los 300 mil personas, lo cual representa el doble de lo registrado en el \u00faltimo a\u00f1o, cuando arribaron a este pueblo 165 mil visitantes procedentes de diferentes estados y pa\u00edses.<br><\/p>\n\n\n\n<p>\u201cEl menor \u00edndice de visitantes que nos ha tocado registrar es de 120 mil visitantes. Ahora esperamos superar cuando ha habido otros a\u00f1os mejores, que hemos tenido 280 mil visitantes\u201d, dijo.<br><\/p>\n\n\n\n<p>En un \u00e1rea de 70 mil metros cuadrados, los visitantes podr\u00e1n degustar distintos tipos de mole, como el api\u00f1onado, el de frutas, el de pipi\u00e1n con carne de cerdo y chilacayotes; el conejo en adobo, entre otros. Habr\u00e1 21 puntos de venta del mole en polvo y pasta<br><\/p>\n\n\n\n<p>Se estima que la feria crear\u00e1 al menos 3 mil empleos directos y 15 mil indirectos; asimismo, las verduras y tortillas consumidas ser\u00e1n locales, lo cual reactivar\u00e1 la econom\u00eda de la zona.<\/p>\n","protected":false},"excerpt":{"rendered":"<p>Se celebrar\u00e1 del 4 al 27 de octubre y se espera que la visiten alrededor de 300 mil personas procedentes de diferentes estados y pa\u00edses. La Secretar\u00eda de Turismo de la Ciudad de M\u00e9xico (SECTUR) anunci\u00f3 que, del 4 al 27 de octubre, en el Pueblo M\u00e1gico de San Pedro Atocpan, Alcald\u00eda Milpa Alta, se [&hellip;]<\/p>\n","protected":false},"author":1,"featured_media":64944,"comment_status":"closed","ping_status":"closed","sticky":false,"template":"","format":"standard","meta":{"footnotes":""},"categories":[35,30],"tags":[],"class_list":["post-64943","post","type-post","status-publish","format-standard","has-post-thumbnail","hentry","category-cdmx","category-destacado"],"_links":{"self":[{"href":"https:\/\/elinformante.mx\/index.php?rest_route=\/wp\/v2\/posts\/64943","targetHints":{"allow":["GET"]}}],"collection":[{"href":"https:\/\/elinformante.mx\/index.php?rest_route=\/wp\/v2\/posts"}],"about":[{"href":"https:\/\/elinformante.mx\/index.php?rest_route=\/wp\/v2\/types\/post"}],"author":[{"embeddable":true,"href":"https:\/\/elinformante.mx\/index.php?rest_route=\/wp\/v2\/users\/1"}],"replies":[{"embeddable":true,"href":"https:\/\/elinformante.mx\/index.php?rest_route=%2Fwp%2Fv2%2Fcomments&post=64943"}],"version-history":[{"count":0,"href":"https:\/\/elinformante.mx\/index.php?rest_route=\/wp\/v2\/posts\/64943\/revisions"}],"wp:featuredmedia":[{"embeddable":true,"href":"https:\/\/elinformante.mx\/index.php?rest_route=\/wp\/v2\/media\/64944"}],"wp:attachment":[{"href":"https:\/\/elinformante.mx\/index.php?rest_route=%2Fwp%2Fv2%2Fmedia&parent=64943"}],"wp:term":[{"taxonomy":"category","embeddable":true,"href":"https:\/\/elinformante.mx\/index.php?rest_route=%2Fwp%2Fv2%2Fcategories&post=64943"},{"taxonomy":"post_tag","embeddable":true,"href":"https:\/\/elinformante.mx\/index.php?rest_route=%2Fwp%2Fv2%2Ftags&post=64943"}],"curies":[{"name":"wp","href":"https:\/\/api.w.org\/{rel}","templated":true}]}}