{"id":64953,"date":"2024-09-25T07:15:26","date_gmt":"2024-09-25T13:15:26","guid":{"rendered":"https:\/\/elinformante.mx\/?p=64953"},"modified":"2024-09-25T07:15:27","modified_gmt":"2024-09-25T13:15:27","slug":"urge-regular-en-jalisco-disposicion-de-paneles-fotovoltaicos","status":"publish","type":"post","link":"https:\/\/elinformante.mx\/?p=64953","title":{"rendered":"Urge regular en Jalisco disposici\u00f3n de paneles fotovoltaicos"},"content":{"rendered":"\n<blockquote class=\"wp-block-quote is-layout-flow wp-block-quote-is-layout-flow\">\n<p>Preocupa el destino de estos equipos al t\u00e9rmino de su vida \u00fatil.<\/p>\n<\/blockquote>\n\n\n\n<p>Jalisco se ha convertido en l\u00edder nacional en generaci\u00f3n de energ\u00eda fotovoltaica a trav\u00e9s de paneles solares con 81,928 contratos de interconexi\u00f3n, sin embargo es urgente que el estado implemente pol\u00edticas p\u00fablicas para la disposici\u00f3n final de esos residuos una vez que cumplan su vida \u00fatil dentro de 10 o 15 a\u00f1os, as\u00ed lo advirti\u00f3 la titular de la Coordinaci\u00f3n de Sostenibilidad de la Universidad de Guadalajara (UdeG), Graciela Dom\u00ednguez.<br><\/p>\n\n\n\n<p>Durante la presentaci\u00f3n de los resultados del estudio \u201cJalisco ante el cambio clim\u00e1tico. Una visi\u00f3n a futuro\u201d en el apartado de \u201cEnerg\u00eda\u201d, la especialista destac\u00f3 que en 2023, Jalisco produjo, a trav\u00e9s de sus m\u00e1s de 80,000 contratos de interconexi\u00f3n, 800 gigawatts hora (GWh); es decir, el 8% de la generaci\u00f3n energ\u00e9tica de todo el estado.<br><\/p>\n\n\n\n<p>Subray\u00f3, que en este momento Jalisco ocupa el tercer lugar en residuos tecnol\u00f3gicos, pidi\u00f3 condiderar lo que va a pasar cuando todos estos paneles fotovoltaicos terminen su vida \u00fatil si no existe en M\u00e9xico una regulaci\u00f3n al respecto y obviamente no la existe en Jalisco.<br><\/p>\n\n\n\n<p>Dom\u00ednguez L\u00f3pez mencion\u00f3 que adem\u00e1s de la generaci\u00f3n para autoconsumo en empresas y viviendas, a trav\u00e9s de grandes centrales Jalisco produjo el a\u00f1o pasado 8,988 GWh a trav\u00e9s de 17 permisionarios, lo que supuso el 86% de la generaci\u00f3n energ\u00e9tica del estado.<\/p>\n","protected":false},"excerpt":{"rendered":"<p>Preocupa el destino de estos equipos al t\u00e9rmino de su vida \u00fatil. Jalisco se ha convertido en l\u00edder nacional en generaci\u00f3n de energ\u00eda fotovoltaica a trav\u00e9s de paneles solares con 81,928 contratos de interconexi\u00f3n, sin embargo es urgente que el estado implemente pol\u00edticas p\u00fablicas para la disposici\u00f3n final de esos residuos una vez que cumplan [&hellip;]<\/p>\n","protected":false},"author":1,"featured_media":64954,"comment_status":"closed","ping_status":"closed","sticky":false,"template":"","format":"standard","meta":{"footnotes":""},"categories":[34],"tags":[],"class_list":["post-64953","post","type-post","status-publish","format-standard","has-post-thumbnail","hentry","category-nacional"],"_links":{"self":[{"href":"https:\/\/elinformante.mx\/index.php?rest_route=\/wp\/v2\/posts\/64953","targetHints":{"allow":["GET"]}}],"collection":[{"href":"https:\/\/elinformante.mx\/index.php?rest_route=\/wp\/v2\/posts"}],"about":[{"href":"https:\/\/elinformante.mx\/index.php?rest_route=\/wp\/v2\/types\/post"}],"author":[{"embeddable":true,"href":"https:\/\/elinformante.mx\/index.php?rest_route=\/wp\/v2\/users\/1"}],"replies":[{"embeddable":true,"href":"https:\/\/elinformante.mx\/index.php?rest_route=%2Fwp%2Fv2%2Fcomments&post=64953"}],"version-history":[{"count":0,"href":"https:\/\/elinformante.mx\/index.php?rest_route=\/wp\/v2\/posts\/64953\/revisions"}],"wp:featuredmedia":[{"embeddable":true,"href":"https:\/\/elinformante.mx\/index.php?rest_route=\/wp\/v2\/media\/64954"}],"wp:attachment":[{"href":"https:\/\/elinformante.mx\/index.php?rest_route=%2Fwp%2Fv2%2Fmedia&parent=64953"}],"wp:term":[{"taxonomy":"category","embeddable":true,"href":"https:\/\/elinformante.mx\/index.php?rest_route=%2Fwp%2Fv2%2Fcategories&post=64953"},{"taxonomy":"post_tag","embeddable":true,"href":"https:\/\/elinformante.mx\/index.php?rest_route=%2Fwp%2Fv2%2Ftags&post=64953"}],"curies":[{"name":"wp","href":"https:\/\/api.w.org\/{rel}","templated":true}]}}