{"id":64956,"date":"2024-09-25T07:16:22","date_gmt":"2024-09-25T13:16:22","guid":{"rendered":"https:\/\/elinformante.mx\/?p=64956"},"modified":"2024-09-25T07:16:23","modified_gmt":"2024-09-25T13:16:23","slug":"pase-de-estafeta-presidencial-demuestra-que-dios-existe-amlo","status":"publish","type":"post","link":"https:\/\/elinformante.mx\/?p=64956","title":{"rendered":"\u201cPase de estafeta Presidencial demuestra que Dios existe\u201d: AMLO"},"content":{"rendered":"\n<blockquote class=\"wp-block-quote is-layout-flow wp-block-quote-is-layout-flow\">\n<p>El presidente L\u00f3pez Obrador reiter\u00f3 que entregar\u00e1 la banda presidencial a \u201cquien tiene sensibilidad\u201d.<\/p>\n<\/blockquote>\n\n\n\n<p>El presidente, Andr\u00e9s Manuel L\u00f3pez Obrador, acompa\u00f1ado de la presidenta electa, Claudia Sheinbaum, inaugur\u00f3 la cuarta secci\u00f3n del Bosque de Chapultepec y la L\u00ednea 3 del Cableb\u00fas.<br><\/p>\n\n\n\n<p>Durante su discurso, el presidente reiter\u00f3 que su sucesora, Claudia Sheinbaum Pardo es lo mejor que le pudo pasar a M\u00e9xico; \u201cpor lo que se puede afirmar que Dios existe\u201d.<br><\/p>\n\n\n\n<p>Mencion\u00f3 que no puede haber nada mejor para el pa\u00eds, este relev\u00f3 se da en las mejores condiciones, son inmejorables, pues despu\u00e9s de iniciar este proceso, ser\u00eda malo que otra fuera la situaci\u00f3n.<br><\/p>\n\n\n\n<p>\u201cLo voy a decir: Dios existe. Estamos muy contentos por eso porque vamos a entregar la banda presidencial a quien tiene sensibilidad y va a darle continuidad a lo que se ha iniciado\u201d declar\u00f3 L\u00f3pez Obrador.<br><\/p>\n\n\n\n<figure class=\"wp-block-image size-large\"><img fetchpriority=\"high\" decoding=\"async\" width=\"1024\" height=\"503\" src=\"https:\/\/elinformante.mx\/wp-content\/uploads\/2024\/09\/3amlo-2-2-1024x503.jpg\" alt=\"\" class=\"wp-image-64958\" srcset=\"https:\/\/elinformante.mx\/wp-content\/uploads\/2024\/09\/3amlo-2-2-1024x503.jpg 1024w, https:\/\/elinformante.mx\/wp-content\/uploads\/2024\/09\/3amlo-2-2-300x147.jpg 300w, https:\/\/elinformante.mx\/wp-content\/uploads\/2024\/09\/3amlo-2-2-768x377.jpg 768w, https:\/\/elinformante.mx\/wp-content\/uploads\/2024\/09\/3amlo-2-2-580x285.jpg 580w, https:\/\/elinformante.mx\/wp-content\/uploads\/2024\/09\/3amlo-2-2-860x422.jpg 860w, https:\/\/elinformante.mx\/wp-content\/uploads\/2024\/09\/3amlo-2-2.jpg 1140w\" sizes=\"(max-width: 1024px) 100vw, 1024px\" \/><\/figure>\n\n\n\n<p>Insisti\u00f3 en que han quedado sentadas las bases de la cuarta transformaci\u00f3n y que es satisfactorio saber que habr\u00e1 continuidad con cambio en manos de una mujer excepcional. \u201cFormamos parte de una hermandad, hay amigos entra\u00f1ables\u201d, se\u00f1al\u00f3 el presidente entre aplausos.<br><\/p>\n\n\n\n<p>Destac\u00f3 que gracias a la ampliaci\u00f3n del Bosque de Chapultepec, los que viven cerca de Santa fe podr\u00e1n disfrutar de este espacio. Un proyecto que Alejandra Fraustro, la secretaria de Cultura, sac\u00f3 adelante, trabajando junto al artista Gabriel Orozco y el jefe de gobierno. Mart\u00ed Batres.<br><\/p>\n\n\n\n<p>De acuerdo con la secretaria de Cultura, Alejandra Frausto Guerrero, 2 mil 300 familias rodean a la cuarta secci\u00f3n del Bosque de Chapultepec.<br><\/p>\n\n\n\n<p>\u201cUn nuevo e impresionante Cableb\u00fas har\u00e1 posible que se unan las cuatro secciones de Chapultepec por 7 pesos y en 21 minutos. La primera estaci\u00f3n est\u00e1 en Los Pinos porque as\u00ed ser\u00e1 espacio p\u00fablico para siempre. La cultura une lo que separa la desigualdad. El Cableb\u00fas estar\u00e1 abierto a partir de las cinco de la tarde de este d\u00eda\u201d, destac\u00f3 en su intervenci\u00f3n.<\/p>\n","protected":false},"excerpt":{"rendered":"<p>El presidente L\u00f3pez Obrador reiter\u00f3 que entregar\u00e1 la banda presidencial a \u201cquien tiene sensibilidad\u201d. El presidente, Andr\u00e9s Manuel L\u00f3pez Obrador, acompa\u00f1ado de la presidenta electa, Claudia Sheinbaum, inaugur\u00f3 la cuarta secci\u00f3n del Bosque de Chapultepec y la L\u00ednea 3 del Cableb\u00fas. Durante su discurso, el presidente reiter\u00f3 que su sucesora, Claudia Sheinbaum Pardo es lo [&hellip;]<\/p>\n","protected":false},"author":1,"featured_media":64957,"comment_status":"closed","ping_status":"closed","sticky":false,"template":"","format":"standard","meta":{"footnotes":""},"categories":[34],"tags":[],"class_list":["post-64956","post","type-post","status-publish","format-standard","has-post-thumbnail","hentry","category-nacional"],"_links":{"self":[{"href":"https:\/\/elinformante.mx\/index.php?rest_route=\/wp\/v2\/posts\/64956","targetHints":{"allow":["GET"]}}],"collection":[{"href":"https:\/\/elinformante.mx\/index.php?rest_route=\/wp\/v2\/posts"}],"about":[{"href":"https:\/\/elinformante.mx\/index.php?rest_route=\/wp\/v2\/types\/post"}],"author":[{"embeddable":true,"href":"https:\/\/elinformante.mx\/index.php?rest_route=\/wp\/v2\/users\/1"}],"replies":[{"embeddable":true,"href":"https:\/\/elinformante.mx\/index.php?rest_route=%2Fwp%2Fv2%2Fcomments&post=64956"}],"version-history":[{"count":0,"href":"https:\/\/elinformante.mx\/index.php?rest_route=\/wp\/v2\/posts\/64956\/revisions"}],"wp:featuredmedia":[{"embeddable":true,"href":"https:\/\/elinformante.mx\/index.php?rest_route=\/wp\/v2\/media\/64957"}],"wp:attachment":[{"href":"https:\/\/elinformante.mx\/index.php?rest_route=%2Fwp%2Fv2%2Fmedia&parent=64956"}],"wp:term":[{"taxonomy":"category","embeddable":true,"href":"https:\/\/elinformante.mx\/index.php?rest_route=%2Fwp%2Fv2%2Fcategories&post=64956"},{"taxonomy":"post_tag","embeddable":true,"href":"https:\/\/elinformante.mx\/index.php?rest_route=%2Fwp%2Fv2%2Ftags&post=64956"}],"curies":[{"name":"wp","href":"https:\/\/api.w.org\/{rel}","templated":true}]}}