{"id":64960,"date":"2024-09-25T07:17:26","date_gmt":"2024-09-25T13:17:26","guid":{"rendered":"https:\/\/elinformante.mx\/?p=64960"},"modified":"2024-09-25T07:17:27","modified_gmt":"2024-09-25T13:17:27","slug":"salario-minimo-debe-ser-mayor-a-la-inflacion-camara-de-diputados","status":"publish","type":"post","link":"https:\/\/elinformante.mx\/?p=64960","title":{"rendered":"Salario m\u00ednimo debe ser mayor a la inflaci\u00f3n: C\u00e1mara de Diputados"},"content":{"rendered":"\n<blockquote class=\"wp-block-quote is-layout-flow wp-block-quote-is-layout-flow\">\n<p>Con esta reforma, trabajadores del sector p\u00fablico y privado recibir\u00e1n un salario mensual promedio de casi 17 mil pesos.<\/p>\n<\/blockquote>\n\n\n\n<p>La C\u00e1mara de Diputados comenz\u00f3 con la discusi\u00f3n de la reforma presentada por el presidente Andr\u00e9s Manuel L\u00f3pez Obrador para que los aumentos del salario m\u00ednimo en M\u00e9xico sean siempre por encima de la tasa de inflaci\u00f3n general.<br><\/p>\n\n\n\n<p>El dictamen estipula que docentes del nivel b\u00e1sico en el sector p\u00fablico, polic\u00edas, elementos de la Guardia Nacional, integrantes de las Fuerzas Armadas, m\u00e9dicos y enfermeros no podr\u00e1n tener una remuneraci\u00f3n menor al salario promedio registrado ante el Instituto Mexicano del Seguro Social (IMSS).<br><\/p>\n\n\n\n<p>La iniciativa modificar\u00e1 el art\u00edculo 123 constitucional, referente al trabajo, y en sus transitorios establece que el salario promedio mensual para estos \u00faltimos trabajadores ser\u00e1 por ahora de 16.777,78 pesos, registrado al cierre de 2023 y actualizado con la inflaci\u00f3n estimada para 2024.<br><\/p>\n\n\n\n<p>Este monto se actualizar\u00e1 el 1 de enero de cada a\u00f1o, de acuerdo con la inflaci\u00f3n anual registrada, precisa el documento.<br><\/p>\n\n\n\n<p>El IMSS mencion\u00f3 que el salario promedio en M\u00e9xico hasta agosto pasado fue de 17 mil 625 pesos mensuales, mientras que la inflaci\u00f3n se ubic\u00f3 en una tasa del 4,66 % y el consenso de analistas privados espera que cierre el a\u00f1o en 4,55 %.<br><\/p>\n\n\n\n<p>El l\u00edder de Morena en la C\u00e1mara baja el Congreso, Ricardo Monreal calific\u00f3 la iniciativa como una reforma extraordinaria.<br><\/p>\n\n\n\n<p>Esta reforma es parte de las \u00faltimas 20 reformas constitucionales que envi\u00f3 el presidente L\u00f3pez Obrador el 5 de febrero pasado.<br><\/p>\n\n\n\n<p>El l\u00edder sindical Pedro Haces, enfatiz\u00f3 que m\u00e1s de decisiones partidistas e ideolog\u00edas, se define una parte esencial para el bienestar de los mexicanos.<br><\/p>\n\n\n\n<p>Este proyecto se suma a 15 iniciativas laborales que impuls\u00f3 L\u00f3pez Obrador en su sexenio (2018-2024), entre las que destacan reformas para eliminar la tercerizaci\u00f3n, la libre sindicalizaci\u00f3n y renegociaci\u00f3n colectiva, la creaci\u00f3n de un fondo de pensiones, entre otras.<\/p>\n","protected":false},"excerpt":{"rendered":"<p>Con esta reforma, trabajadores del sector p\u00fablico y privado recibir\u00e1n un salario mensual promedio de casi 17 mil pesos. La C\u00e1mara de Diputados comenz\u00f3 con la discusi\u00f3n de la reforma presentada por el presidente Andr\u00e9s Manuel L\u00f3pez Obrador para que los aumentos del salario m\u00ednimo en M\u00e9xico sean siempre por encima de la tasa de [&hellip;]<\/p>\n","protected":false},"author":1,"featured_media":64961,"comment_status":"closed","ping_status":"closed","sticky":false,"template":"","format":"standard","meta":{"footnotes":""},"categories":[30,34],"tags":[],"class_list":["post-64960","post","type-post","status-publish","format-standard","has-post-thumbnail","hentry","category-destacado","category-nacional"],"_links":{"self":[{"href":"https:\/\/elinformante.mx\/index.php?rest_route=\/wp\/v2\/posts\/64960","targetHints":{"allow":["GET"]}}],"collection":[{"href":"https:\/\/elinformante.mx\/index.php?rest_route=\/wp\/v2\/posts"}],"about":[{"href":"https:\/\/elinformante.mx\/index.php?rest_route=\/wp\/v2\/types\/post"}],"author":[{"embeddable":true,"href":"https:\/\/elinformante.mx\/index.php?rest_route=\/wp\/v2\/users\/1"}],"replies":[{"embeddable":true,"href":"https:\/\/elinformante.mx\/index.php?rest_route=%2Fwp%2Fv2%2Fcomments&post=64960"}],"version-history":[{"count":0,"href":"https:\/\/elinformante.mx\/index.php?rest_route=\/wp\/v2\/posts\/64960\/revisions"}],"wp:featuredmedia":[{"embeddable":true,"href":"https:\/\/elinformante.mx\/index.php?rest_route=\/wp\/v2\/media\/64961"}],"wp:attachment":[{"href":"https:\/\/elinformante.mx\/index.php?rest_route=%2Fwp%2Fv2%2Fmedia&parent=64960"}],"wp:term":[{"taxonomy":"category","embeddable":true,"href":"https:\/\/elinformante.mx\/index.php?rest_route=%2Fwp%2Fv2%2Fcategories&post=64960"},{"taxonomy":"post_tag","embeddable":true,"href":"https:\/\/elinformante.mx\/index.php?rest_route=%2Fwp%2Fv2%2Ftags&post=64960"}],"curies":[{"name":"wp","href":"https:\/\/api.w.org\/{rel}","templated":true}]}}