{"id":64963,"date":"2024-09-25T07:18:30","date_gmt":"2024-09-25T13:18:30","guid":{"rendered":"https:\/\/elinformante.mx\/?p=64963"},"modified":"2024-09-25T07:18:31","modified_gmt":"2024-09-25T13:18:31","slug":"nombra-gobernador-de-puebla-a-una-nueva-secretaria-de-economia","status":"publish","type":"post","link":"https:\/\/elinformante.mx\/?p=64963","title":{"rendered":"Nombra gobernador de Puebla a una nueva secretaria de Econom\u00eda"},"content":{"rendered":"\n<blockquote class=\"wp-block-quote is-layout-flow wp-block-quote-is-layout-flow\">\n<p>A menos de tres meses de terminar su gesti\u00f3n, Alejandra Montiel fue nombrada al frente de la Secretar\u00eda.<\/p>\n<\/blockquote>\n\n\n\n<p>Ser\u00e1 el pr\u00f3ximo 13 de diciembre cuando terminen las funciones del gobierno estatal de Puebla, con menos de tres meses, el mandatario poblano, Sergio Salom\u00f3n C\u00e9spedes Peregrina, nombr\u00f3 a Alejandra Montiel como secretaria de Econom\u00eda.<br><\/p>\n\n\n\n<p>La dependencia estatal se encontraba sin alguien a su frente, esto desde el 12 de septiembre, cuando Ermilo Barrera Novelo, present\u00f3 su renuncia para incorporarse como titular de la Secretar\u00eda de Fomento Econ\u00f3mico y de Trabajo en el gobierno de Yucat\u00e1n, con Joaqu\u00edn D\u00edaz Mena.<br><\/p>\n\n\n\n<p>La nueva titular de la Secretar\u00eda de Econom\u00eda en Puebla es la tercera en ocupar el cargo, por el cual pasaron primeramente Olivia Salom\u00f3n Vibaldo, quien renunci\u00f3 por contender en la interna de Morena para ser la candidatura a la gubernatura y que no logr\u00f3. Despu\u00e9s fue el ahora extitular Ermilo Barrera Novelo.<br><\/p>\n\n\n\n<p>C\u00e9spedes Peregrina dio a conocer el nombramiento, as\u00ed como se\u00f1al\u00f3 que a pesar de que es un corto tiempo para que ella se desempe\u00f1e en el cargo requiere de responsabilidad, por lo que dijo estar convencido de la capacidad de la nueva titular.<br><\/p>\n\n\n\n<p>Alejandra Montiel tendr\u00e1 a su cargo la entrega-recepci\u00f3n de la dependencia, al darse inicio el martes pasado al proceso de transici\u00f3n entre el gobierno estatal actual y el del mandatario electo, Alejandro Armenta Mier.<br><\/p>\n\n\n\n<p>La secretaria en funciones tendr\u00e1 comunicaci\u00f3n con su sucesor V\u00edctor Gabriel Chedraui en la que ahora se llamar\u00e1 Secretar\u00eda de Econom\u00eda y del Trabajo para el siguiente sexenio que comienza el 14 de diciembre.<\/p>\n","protected":false},"excerpt":{"rendered":"<p>A menos de tres meses de terminar su gesti\u00f3n, Alejandra Montiel fue nombrada al frente de la Secretar\u00eda. Ser\u00e1 el pr\u00f3ximo 13 de diciembre cuando terminen las funciones del gobierno estatal de Puebla, con menos de tres meses, el mandatario poblano, Sergio Salom\u00f3n C\u00e9spedes Peregrina, nombr\u00f3 a Alejandra Montiel como secretaria de Econom\u00eda. La dependencia [&hellip;]<\/p>\n","protected":false},"author":1,"featured_media":64964,"comment_status":"closed","ping_status":"closed","sticky":false,"template":"","format":"standard","meta":{"footnotes":""},"categories":[34],"tags":[],"class_list":["post-64963","post","type-post","status-publish","format-standard","has-post-thumbnail","hentry","category-nacional"],"_links":{"self":[{"href":"https:\/\/elinformante.mx\/index.php?rest_route=\/wp\/v2\/posts\/64963","targetHints":{"allow":["GET"]}}],"collection":[{"href":"https:\/\/elinformante.mx\/index.php?rest_route=\/wp\/v2\/posts"}],"about":[{"href":"https:\/\/elinformante.mx\/index.php?rest_route=\/wp\/v2\/types\/post"}],"author":[{"embeddable":true,"href":"https:\/\/elinformante.mx\/index.php?rest_route=\/wp\/v2\/users\/1"}],"replies":[{"embeddable":true,"href":"https:\/\/elinformante.mx\/index.php?rest_route=%2Fwp%2Fv2%2Fcomments&post=64963"}],"version-history":[{"count":0,"href":"https:\/\/elinformante.mx\/index.php?rest_route=\/wp\/v2\/posts\/64963\/revisions"}],"wp:featuredmedia":[{"embeddable":true,"href":"https:\/\/elinformante.mx\/index.php?rest_route=\/wp\/v2\/media\/64964"}],"wp:attachment":[{"href":"https:\/\/elinformante.mx\/index.php?rest_route=%2Fwp%2Fv2%2Fmedia&parent=64963"}],"wp:term":[{"taxonomy":"category","embeddable":true,"href":"https:\/\/elinformante.mx\/index.php?rest_route=%2Fwp%2Fv2%2Fcategories&post=64963"},{"taxonomy":"post_tag","embeddable":true,"href":"https:\/\/elinformante.mx\/index.php?rest_route=%2Fwp%2Fv2%2Ftags&post=64963"}],"curies":[{"name":"wp","href":"https:\/\/api.w.org\/{rel}","templated":true}]}}