{"id":64973,"date":"2024-09-25T07:27:01","date_gmt":"2024-09-25T13:27:01","guid":{"rendered":"https:\/\/elinformante.mx\/?p=64973"},"modified":"2024-09-25T07:27:02","modified_gmt":"2024-09-25T13:27:02","slug":"costas-de-guerrero-y-oaxaca-de-nuevo-afectadas-ahora-por-john","status":"publish","type":"post","link":"https:\/\/elinformante.mx\/?p=64973","title":{"rendered":"Costas de Guerrero y Oaxaca de nuevo afectadas, ahora por \u201cJohn\u201d"},"content":{"rendered":"\n<blockquote class=\"wp-block-quote is-layout-flow wp-block-quote-is-layout-flow\">\n<p>Muchas carreteras y aeropuertos fueron afectados tras su paso por los estados.<\/p>\n<\/blockquote>\n\n\n\n<p>En Guerrero muchas carreteras se vieron afectadas por el paso de la tormenta \u201cJohn\u201d, provocando que la Guardia Nacional activara un plan para liberar las carreteras afectadas por la ca\u00edda de \u00e1rboles y poder liberar la circulaci\u00f3n.<br><\/p>\n\n\n\n<p>Las afectaciones viales en Guerrero fueron en la autopista Barranca Larga \u2013 Ventanilla, que se encuentra sin circulaci\u00f3n, debido a derrumbes en los kil\u00f3metros 146 al 154; personal de la SICT, Capufe y Fonadin, trabajaron en el lugar para liberar lo m\u00e1s pronto posible la circulaci\u00f3n.<br><\/p>\n\n\n\n<p>Fueron cerradas el lunes tanto el Aeropuerto Internacional de Puerto Escondido como de Bah\u00edas de Huatulco, en Oaxaca, por las condiciones clim\u00e1ticas derivadas de \u201cJohn\u201d. Pero al no presentar mayores afectaciones las intalaciones los vuelos regresaron a su normalidad.<br><\/p>\n\n\n\n<p>En cuanto a Oaxaca, Protecci\u00f3n Civil dio a conocer que por un deslave de talud, las carreteras (2060) Pinotepa Nacional \u2013 Salina Cruz, y Oaxaca \u2013 Puerto \u00c1ngel, registran cierre total de circulaci\u00f3n en los m\u00e1s recientes reportes. En carreteras del municipio de Santiago Jamiltepec, la Guardia Nacional activ\u00f3 su plan para liberar las v\u00edas carreteras afectadas por la ca\u00edda de \u00e1rboles y liberar la circulaci\u00f3n.<br><\/p>\n\n\n\n<p>Las autoridades locales en Oaxaca, desde presidentes y regidores municipales, informaron que no hubo v\u00edctimas ni lesionados, por el paso del Hurac\u00e1n.<br><\/p>\n\n\n\n<p>Protecci\u00f3n Civil estatal recalc\u00f3 que las lluvias van a continuar y contin\u00faa cerrada la navegaci\u00f3n y tambi\u00e9n suspendidas las clases en las regiones de la Costa, Istmo de Tehuantepec y Sierra Sur de Oaxaca hasta ma\u00f1ana mi\u00e9rcoles.<br><\/p>\n\n\n\n<p>El monitoreo contin\u00faa, pues John aunque ya avanz\u00f3 como cicl\u00f3n al estado de Guerrero, todav\u00eda se cataloga de alto peligro.<\/p>\n","protected":false},"excerpt":{"rendered":"<p>Muchas carreteras y aeropuertos fueron afectados tras su paso por los estados. En Guerrero muchas carreteras se vieron afectadas por el paso de la tormenta \u201cJohn\u201d, provocando que la Guardia Nacional activara un plan para liberar las carreteras afectadas por la ca\u00edda de \u00e1rboles y poder liberar la circulaci\u00f3n. Las afectaciones viales en Guerrero fueron [&hellip;]<\/p>\n","protected":false},"author":1,"featured_media":64974,"comment_status":"closed","ping_status":"closed","sticky":false,"template":"","format":"standard","meta":{"footnotes":""},"categories":[30,34,31],"tags":[],"class_list":["post-64973","post","type-post","status-publish","format-standard","has-post-thumbnail","hentry","category-destacado","category-nacional","category-portada"],"_links":{"self":[{"href":"https:\/\/elinformante.mx\/index.php?rest_route=\/wp\/v2\/posts\/64973","targetHints":{"allow":["GET"]}}],"collection":[{"href":"https:\/\/elinformante.mx\/index.php?rest_route=\/wp\/v2\/posts"}],"about":[{"href":"https:\/\/elinformante.mx\/index.php?rest_route=\/wp\/v2\/types\/post"}],"author":[{"embeddable":true,"href":"https:\/\/elinformante.mx\/index.php?rest_route=\/wp\/v2\/users\/1"}],"replies":[{"embeddable":true,"href":"https:\/\/elinformante.mx\/index.php?rest_route=%2Fwp%2Fv2%2Fcomments&post=64973"}],"version-history":[{"count":0,"href":"https:\/\/elinformante.mx\/index.php?rest_route=\/wp\/v2\/posts\/64973\/revisions"}],"wp:featuredmedia":[{"embeddable":true,"href":"https:\/\/elinformante.mx\/index.php?rest_route=\/wp\/v2\/media\/64974"}],"wp:attachment":[{"href":"https:\/\/elinformante.mx\/index.php?rest_route=%2Fwp%2Fv2%2Fmedia&parent=64973"}],"wp:term":[{"taxonomy":"category","embeddable":true,"href":"https:\/\/elinformante.mx\/index.php?rest_route=%2Fwp%2Fv2%2Fcategories&post=64973"},{"taxonomy":"post_tag","embeddable":true,"href":"https:\/\/elinformante.mx\/index.php?rest_route=%2Fwp%2Fv2%2Ftags&post=64973"}],"curies":[{"name":"wp","href":"https:\/\/api.w.org\/{rel}","templated":true}]}}