{"id":64976,"date":"2024-09-25T07:29:08","date_gmt":"2024-09-25T13:29:08","guid":{"rendered":"https:\/\/elinformante.mx\/?p=64976"},"modified":"2024-09-25T07:29:09","modified_gmt":"2024-09-25T13:29:09","slug":"sheinbaum-se-despide-de-amlo-con-emotivo-mensaje","status":"publish","type":"post","link":"https:\/\/elinformante.mx\/?p=64976","title":{"rendered":"SHEINBAUM SE DESPIDE DE AMLO CON EMOTIVO MENSAJE"},"content":{"rendered":"\n<blockquote class=\"wp-block-quote is-layout-flow wp-block-quote-is-layout-flow\">\n<p>Mediante un video la presidenta electa resalt\u00f3 que \u201cAndr\u00e9s Manuel se retira de la vida p\u00fablica, pero no se va del coraz\u00f3n del pueblo de M\u00e9xico, adem\u00e1s tenemos su legado\u201d.<\/p>\n<\/blockquote>\n\n\n\n<p>La presidenta electa de M\u00e9xico, Claudia Sheinbaum, despidi\u00f3 al presidente Andr\u00e9s Manuel L\u00f3pez Obrador, quien el pr\u00f3ximo 1 de octubre ser\u00e1 oficialmente su predecesor.<br><\/p>\n\n\n\n<figure class=\"wp-block-image size-large\"><img fetchpriority=\"high\" decoding=\"async\" width=\"1024\" height=\"503\" src=\"https:\/\/elinformante.mx\/wp-content\/uploads\/2024\/09\/9sheinbaum-3-1024x503.jpg\" alt=\"\" class=\"wp-image-64978\" srcset=\"https:\/\/elinformante.mx\/wp-content\/uploads\/2024\/09\/9sheinbaum-3-1024x503.jpg 1024w, https:\/\/elinformante.mx\/wp-content\/uploads\/2024\/09\/9sheinbaum-3-300x147.jpg 300w, https:\/\/elinformante.mx\/wp-content\/uploads\/2024\/09\/9sheinbaum-3-768x377.jpg 768w, https:\/\/elinformante.mx\/wp-content\/uploads\/2024\/09\/9sheinbaum-3-580x285.jpg 580w, https:\/\/elinformante.mx\/wp-content\/uploads\/2024\/09\/9sheinbaum-3-860x422.jpg 860w, https:\/\/elinformante.mx\/wp-content\/uploads\/2024\/09\/9sheinbaum-3.jpg 1140w\" sizes=\"(max-width: 1024px) 100vw, 1024px\" \/><\/figure>\n\n\n\n<p>Fue a trav\u00e9s de un video que public\u00f3 en sus redes sociales, Sheinbaum resalt\u00f3 que \u201cAndr\u00e9s Manuel se retira de la vida p\u00fablica, pero no se va del coraz\u00f3n del pueblo de M\u00e9xico, adem\u00e1s tenemos su legado\u201d, escribi\u00f3.<br><\/p>\n\n\n\n<p>Menciona en el video que el presidente tiene este reconocimiento de que la pol\u00edtica, aparte de ser pensamiento y acci\u00f3n, es principios y eficacia. Es un pol\u00edtico extraordinario\u201d, dijo.<br><\/p>\n\n\n\n<figure class=\"wp-block-image size-large\"><img decoding=\"async\" width=\"1024\" height=\"503\" src=\"https:\/\/elinformante.mx\/wp-content\/uploads\/2024\/09\/9sheinbaum-4-1024x503.jpg\" alt=\"\" class=\"wp-image-64979\" srcset=\"https:\/\/elinformante.mx\/wp-content\/uploads\/2024\/09\/9sheinbaum-4-1024x503.jpg 1024w, https:\/\/elinformante.mx\/wp-content\/uploads\/2024\/09\/9sheinbaum-4-300x147.jpg 300w, https:\/\/elinformante.mx\/wp-content\/uploads\/2024\/09\/9sheinbaum-4-768x377.jpg 768w, https:\/\/elinformante.mx\/wp-content\/uploads\/2024\/09\/9sheinbaum-4-580x285.jpg 580w, https:\/\/elinformante.mx\/wp-content\/uploads\/2024\/09\/9sheinbaum-4-860x422.jpg 860w, https:\/\/elinformante.mx\/wp-content\/uploads\/2024\/09\/9sheinbaum-4.jpg 1140w\" sizes=\"(max-width: 1024px) 100vw, 1024px\" \/><\/figure>\n\n\n\n<p>La futura presidenta tambi\u00e9n subray\u00f3 los 20 a\u00f1os que llevan trabajando juntos en la pol\u00edtica mexicana.<br><\/p>\n\n\n\n<p>Andr\u00e9s Manuel L\u00f3pez Obrador dejar\u00e1 oficialmente la actividad presidencial el 30 de septiembre del a\u00f1o en curso. Este acto se oficializar\u00e1 con la entrega de la banda tricolor a su sucesora, Claudia Sheinbaum.<br><\/p>\n\n\n\n<figure class=\"wp-block-image size-large\"><img decoding=\"async\" width=\"1024\" height=\"503\" src=\"https:\/\/elinformante.mx\/wp-content\/uploads\/2024\/09\/9sheinbaum-5-1024x503.jpg\" alt=\"\" class=\"wp-image-64980\" srcset=\"https:\/\/elinformante.mx\/wp-content\/uploads\/2024\/09\/9sheinbaum-5-1024x503.jpg 1024w, https:\/\/elinformante.mx\/wp-content\/uploads\/2024\/09\/9sheinbaum-5-300x147.jpg 300w, https:\/\/elinformante.mx\/wp-content\/uploads\/2024\/09\/9sheinbaum-5-768x377.jpg 768w, https:\/\/elinformante.mx\/wp-content\/uploads\/2024\/09\/9sheinbaum-5-580x285.jpg 580w, https:\/\/elinformante.mx\/wp-content\/uploads\/2024\/09\/9sheinbaum-5-860x422.jpg 860w, https:\/\/elinformante.mx\/wp-content\/uploads\/2024\/09\/9sheinbaum-5.jpg 1140w\" sizes=\"(max-width: 1024px) 100vw, 1024px\" \/><\/figure>\n\n\n\n<p>Claudia Sheinbaum cuenta con una aprobaci\u00f3n del 62.8% por parte de la poblaci\u00f3n, esto seg\u00fan la casa de medici\u00f3n digital realizada por Mitofsky.<br><\/p>\n\n\n\n<p>Ser\u00e1 el pr\u00f3ximo 1 de octubre tendr\u00e1 lugar la ceremonia en la que la cient\u00edfica, acad\u00e9mica y pol\u00edtica Claudia Sheinbaum tomar\u00e1 posesi\u00f3n como presidenta de M\u00e9xico. La primera en la historia del pa\u00eds y una de las apenas 26 mujeres que dirigen una naci\u00f3n.<br><\/p>\n\n\n\n<figure class=\"wp-block-image size-large\"><img loading=\"lazy\" decoding=\"async\" width=\"1024\" height=\"503\" src=\"https:\/\/elinformante.mx\/wp-content\/uploads\/2024\/09\/9sheinbaum-1024x503.jpg\" alt=\"\" class=\"wp-image-64981\" srcset=\"https:\/\/elinformante.mx\/wp-content\/uploads\/2024\/09\/9sheinbaum-1024x503.jpg 1024w, https:\/\/elinformante.mx\/wp-content\/uploads\/2024\/09\/9sheinbaum-300x147.jpg 300w, https:\/\/elinformante.mx\/wp-content\/uploads\/2024\/09\/9sheinbaum-768x377.jpg 768w, https:\/\/elinformante.mx\/wp-content\/uploads\/2024\/09\/9sheinbaum-580x285.jpg 580w, https:\/\/elinformante.mx\/wp-content\/uploads\/2024\/09\/9sheinbaum-860x422.jpg 860w, https:\/\/elinformante.mx\/wp-content\/uploads\/2024\/09\/9sheinbaum.jpg 1140w\" sizes=\"(max-width: 1024px) 100vw, 1024px\" \/><\/figure>\n\n\n\n<p>La ceremonia comenzar\u00e1 en el Palacio Legislativo de San L\u00e1zaro, en la Ciudad de M\u00e9xico. Y ser\u00e1n algunas mujeres cadetes del Heroico Colegio Militar, quienes escolten a la presidenta electa a su llegada al recinto.<br><\/p>\n\n\n\n<p>Ifigenia Mart\u00ednez, presidenta de la C\u00e1mara de Diputados, ser\u00e1 quien colocar\u00e1 a Claudia Sheinbaum la banda presidencial. Esta es tambi\u00e9n la primera vez que una mujer hace la entrega.<\/p>\n","protected":false},"excerpt":{"rendered":"<p>Mediante un video la presidenta electa resalt\u00f3 que \u201cAndr\u00e9s Manuel se retira de la vida p\u00fablica, pero no se va del coraz\u00f3n del pueblo de M\u00e9xico, adem\u00e1s tenemos su legado\u201d. La presidenta electa de M\u00e9xico, Claudia Sheinbaum, despidi\u00f3 al presidente Andr\u00e9s Manuel L\u00f3pez Obrador, quien el pr\u00f3ximo 1 de octubre ser\u00e1 oficialmente su predecesor. Fue [&hellip;]<\/p>\n","protected":false},"author":1,"featured_media":64977,"comment_status":"closed","ping_status":"closed","sticky":false,"template":"","format":"standard","meta":{"footnotes":""},"categories":[30,34,31],"tags":[],"class_list":["post-64976","post","type-post","status-publish","format-standard","has-post-thumbnail","hentry","category-destacado","category-nacional","category-portada"],"_links":{"self":[{"href":"https:\/\/elinformante.mx\/index.php?rest_route=\/wp\/v2\/posts\/64976","targetHints":{"allow":["GET"]}}],"collection":[{"href":"https:\/\/elinformante.mx\/index.php?rest_route=\/wp\/v2\/posts"}],"about":[{"href":"https:\/\/elinformante.mx\/index.php?rest_route=\/wp\/v2\/types\/post"}],"author":[{"embeddable":true,"href":"https:\/\/elinformante.mx\/index.php?rest_route=\/wp\/v2\/users\/1"}],"replies":[{"embeddable":true,"href":"https:\/\/elinformante.mx\/index.php?rest_route=%2Fwp%2Fv2%2Fcomments&post=64976"}],"version-history":[{"count":0,"href":"https:\/\/elinformante.mx\/index.php?rest_route=\/wp\/v2\/posts\/64976\/revisions"}],"wp:featuredmedia":[{"embeddable":true,"href":"https:\/\/elinformante.mx\/index.php?rest_route=\/wp\/v2\/media\/64977"}],"wp:attachment":[{"href":"https:\/\/elinformante.mx\/index.php?rest_route=%2Fwp%2Fv2%2Fmedia&parent=64976"}],"wp:term":[{"taxonomy":"category","embeddable":true,"href":"https:\/\/elinformante.mx\/index.php?rest_route=%2Fwp%2Fv2%2Fcategories&post=64976"},{"taxonomy":"post_tag","embeddable":true,"href":"https:\/\/elinformante.mx\/index.php?rest_route=%2Fwp%2Fv2%2Ftags&post=64976"}],"curies":[{"name":"wp","href":"https:\/\/api.w.org\/{rel}","templated":true}]}}