{"id":64983,"date":"2024-09-25T16:50:11","date_gmt":"2024-09-25T22:50:11","guid":{"rendered":"https:\/\/elinformante.mx\/?p=64983"},"modified":"2024-09-25T16:50:12","modified_gmt":"2024-09-25T22:50:12","slug":"amlo-admitio-que-no-se-avanzo-en-el-caso-de-los-43-de-ayotzinapa","status":"publish","type":"post","link":"https:\/\/elinformante.mx\/?p=64983","title":{"rendered":"| AMLO ADMITI\u00d3 QUE NO SE AVANZ\u00d3 EN EL CASO DE LOS 43 DE AYOTZINAPA"},"content":{"rendered":"\n<p>En la ma\u00f1anera de hoy, el presidente de M\u00e9xico, Andr\u00e9s Manuel L\u00f3pez Obrador, admiti\u00f3 que no se logr\u00f3 el avance deseado en la b\u00fasqueda de los 43 estudiantes desaparecidos de Ayotzinapa, a pesar de todo subray\u00f3 que si se tuvieron algunos avances significativos\u00a0<br><\/p>\n\n\n\n<p>El dirigente mexicano, indic\u00f3 \u201cNunca dejamos de buscar a los j\u00f3venes\u201d, pero agreg\u00f3 que \u201cno se avanz\u00f3 como quisi\u00e9ramos\u201d. Esto en la v\u00edspera del d\u00e9cimo aniversario de la desaparici\u00f3n forzada de los normalistas en Iguala, Guerrero.\u00a0\u00a0<br><\/p>\n","protected":false},"excerpt":{"rendered":"<p>En la ma\u00f1anera de hoy, el presidente de M\u00e9xico, Andr\u00e9s Manuel L\u00f3pez Obrador, admiti\u00f3 que no se logr\u00f3 el avance deseado en la b\u00fasqueda de los 43 estudiantes desaparecidos de Ayotzinapa, a pesar de todo subray\u00f3 que si se tuvieron algunos avances significativos\u00a0 El dirigente mexicano, indic\u00f3 \u201cNunca dejamos de buscar a los j\u00f3venes\u201d, pero [&hellip;]<\/p>\n","protected":false},"author":2,"featured_media":64984,"comment_status":"closed","ping_status":"closed","sticky":false,"template":"","format":"standard","meta":{"footnotes":""},"categories":[34],"tags":[],"class_list":["post-64983","post","type-post","status-publish","format-standard","has-post-thumbnail","hentry","category-nacional"],"_links":{"self":[{"href":"https:\/\/elinformante.mx\/index.php?rest_route=\/wp\/v2\/posts\/64983","targetHints":{"allow":["GET"]}}],"collection":[{"href":"https:\/\/elinformante.mx\/index.php?rest_route=\/wp\/v2\/posts"}],"about":[{"href":"https:\/\/elinformante.mx\/index.php?rest_route=\/wp\/v2\/types\/post"}],"author":[{"embeddable":true,"href":"https:\/\/elinformante.mx\/index.php?rest_route=\/wp\/v2\/users\/2"}],"replies":[{"embeddable":true,"href":"https:\/\/elinformante.mx\/index.php?rest_route=%2Fwp%2Fv2%2Fcomments&post=64983"}],"version-history":[{"count":0,"href":"https:\/\/elinformante.mx\/index.php?rest_route=\/wp\/v2\/posts\/64983\/revisions"}],"wp:featuredmedia":[{"embeddable":true,"href":"https:\/\/elinformante.mx\/index.php?rest_route=\/wp\/v2\/media\/64984"}],"wp:attachment":[{"href":"https:\/\/elinformante.mx\/index.php?rest_route=%2Fwp%2Fv2%2Fmedia&parent=64983"}],"wp:term":[{"taxonomy":"category","embeddable":true,"href":"https:\/\/elinformante.mx\/index.php?rest_route=%2Fwp%2Fv2%2Fcategories&post=64983"},{"taxonomy":"post_tag","embeddable":true,"href":"https:\/\/elinformante.mx\/index.php?rest_route=%2Fwp%2Fv2%2Ftags&post=64983"}],"curies":[{"name":"wp","href":"https:\/\/api.w.org\/{rel}","templated":true}]}}