{"id":64987,"date":"2024-09-25T16:52:14","date_gmt":"2024-09-25T22:52:14","guid":{"rendered":"https:\/\/elinformante.mx\/?p=64987"},"modified":"2024-09-25T16:52:15","modified_gmt":"2024-09-25T22:52:15","slug":"adrian-marcelo-reaparece-en-monterrey","status":"publish","type":"post","link":"https:\/\/elinformante.mx\/?p=64987","title":{"rendered":"\u00a0ADRI\u00c1N MARCELO REAPARECE EN MONTERREY"},"content":{"rendered":"\n<p>Tras su pol\u00e9mica salida de La Casa de los Famosos, el youtuber mexicano Adri\u00e1n Marcelo, reapareci\u00f3 en las calles Monterrey, NuevoLe\u00f3n, grabando un video para su canal.<\/p>\n\n\n\n<p>El influencer estuvo rodeado de regios que le demostraron su apoyo, adem\u00e1s, le pidieron fotograf\u00edas.\u00a0<br><\/p>\n","protected":false},"excerpt":{"rendered":"<p>Tras su pol\u00e9mica salida de La Casa de los Famosos, el youtuber mexicano Adri\u00e1n Marcelo, reapareci\u00f3 en las calles Monterrey, NuevoLe\u00f3n, grabando un video para su canal. El influencer estuvo rodeado de regios que le demostraron su apoyo, adem\u00e1s, le pidieron fotograf\u00edas.\u00a0<\/p>\n","protected":false},"author":2,"featured_media":64988,"comment_status":"closed","ping_status":"closed","sticky":false,"template":"","format":"standard","meta":{"footnotes":""},"categories":[39],"tags":[],"class_list":["post-64987","post","type-post","status-publish","format-standard","has-post-thumbnail","hentry","category-espectaculos"],"_links":{"self":[{"href":"https:\/\/elinformante.mx\/index.php?rest_route=\/wp\/v2\/posts\/64987","targetHints":{"allow":["GET"]}}],"collection":[{"href":"https:\/\/elinformante.mx\/index.php?rest_route=\/wp\/v2\/posts"}],"about":[{"href":"https:\/\/elinformante.mx\/index.php?rest_route=\/wp\/v2\/types\/post"}],"author":[{"embeddable":true,"href":"https:\/\/elinformante.mx\/index.php?rest_route=\/wp\/v2\/users\/2"}],"replies":[{"embeddable":true,"href":"https:\/\/elinformante.mx\/index.php?rest_route=%2Fwp%2Fv2%2Fcomments&post=64987"}],"version-history":[{"count":0,"href":"https:\/\/elinformante.mx\/index.php?rest_route=\/wp\/v2\/posts\/64987\/revisions"}],"wp:featuredmedia":[{"embeddable":true,"href":"https:\/\/elinformante.mx\/index.php?rest_route=\/wp\/v2\/media\/64988"}],"wp:attachment":[{"href":"https:\/\/elinformante.mx\/index.php?rest_route=%2Fwp%2Fv2%2Fmedia&parent=64987"}],"wp:term":[{"taxonomy":"category","embeddable":true,"href":"https:\/\/elinformante.mx\/index.php?rest_route=%2Fwp%2Fv2%2Fcategories&post=64987"},{"taxonomy":"post_tag","embeddable":true,"href":"https:\/\/elinformante.mx\/index.php?rest_route=%2Fwp%2Fv2%2Ftags&post=64987"}],"curies":[{"name":"wp","href":"https:\/\/api.w.org\/{rel}","templated":true}]}}