{"id":65141,"date":"2024-09-27T05:02:34","date_gmt":"2024-09-27T11:02:34","guid":{"rendered":"https:\/\/elinformante.mx\/?p=65141"},"modified":"2024-09-27T05:02:35","modified_gmt":"2024-09-27T11:02:35","slug":"checo-perez-podria-retirarse-en-dos-anos-de-la-f1","status":"publish","type":"post","link":"https:\/\/elinformante.mx\/?p=65141","title":{"rendered":"\u201cCheco\u201d P\u00e9rez podr\u00eda retirarse en dos a\u00f1os de la F1"},"content":{"rendered":"\n<blockquote class=\"wp-block-quote is-layout-flow wp-block-quote-is-layout-flow\">\n<p>Fue ante la ola de rumores por su retiro que el piloto tapat\u00edo dio a conocer la fecha aproximada para su adi\u00f3s de los emparrillados.<\/p>\n<\/blockquote>\n\n\n\n<p>El piloto mexicano del equipo Red Bull, Sergio \u201cCheco\u201d P\u00e9rez, sali\u00f3 ha aclarar los rumores que apuntan a su posible retiro de la F\u00f3rmula 1 este a\u00f1o; aclar\u00f3 que de momento, planea mantenerse en los circuitos, aunque ya puso una fecha para su adi\u00f3s al automovilismo, asegurando que el final se encuentra cerca. \u201dEstar\u00e9 en F\u00f3rmula 1 al menos dos a\u00f1os m\u00e1s. Sin embargo, no creo que est\u00e9 aqu\u00ed mucho tiempo. Mi contrato con Red Bull es por dos a\u00f1os, que es mucho tiempo, pero s\u00e9 que el final se acerca\u201d, coment\u00f3 \u201cCheco\u201d P\u00e9rez en una entrevista.<br><\/p>\n\n\n\n<p>Afirma que disfruta mucho es competir, especialmente los buenos momentos, pero tambi\u00e9n debe aprender a disfrutar de los malos, que es un reto incre\u00edble. Menciona que no se ve corriendo aqu\u00ed como Fernando, por ejemplo, a qui\u00e9n admira mucho, pero quiere pasar mucho m\u00e1s tiempo con sus hijos, agreg\u00f3 el piloto mexicano, reiterando que ya piensa en su adi\u00f3s al automovilismo.<br><\/p>\n\n\n\n<p>Fue el periodista Joe Saward, qui\u00e9n comenz\u00f3 a acrecentar los rumores acerca del posible retiro de \u201cCheco\u201d P\u00e9rez de la F\u00f3rmula 1, asegurando que el tapat\u00edo lo anunciar\u00eda en el Gran Premio de M\u00e9xico de este a\u00f1o, tratando de minimizar el impacto de la noticia y darle un tinte emotivo.<br><\/p>\n\n\n\n<figure class=\"wp-block-image size-large\"><img fetchpriority=\"high\" decoding=\"async\" width=\"1024\" height=\"503\" src=\"https:\/\/elinformante.mx\/wp-content\/uploads\/2024\/09\/14checo-3-1024x503.jpg\" alt=\"\" class=\"wp-image-65143\" srcset=\"https:\/\/elinformante.mx\/wp-content\/uploads\/2024\/09\/14checo-3-1024x503.jpg 1024w, https:\/\/elinformante.mx\/wp-content\/uploads\/2024\/09\/14checo-3-300x147.jpg 300w, https:\/\/elinformante.mx\/wp-content\/uploads\/2024\/09\/14checo-3-768x377.jpg 768w, https:\/\/elinformante.mx\/wp-content\/uploads\/2024\/09\/14checo-3-580x285.jpg 580w, https:\/\/elinformante.mx\/wp-content\/uploads\/2024\/09\/14checo-3-860x422.jpg 860w, https:\/\/elinformante.mx\/wp-content\/uploads\/2024\/09\/14checo-3.jpg 1140w\" sizes=\"(max-width: 1024px) 100vw, 1024px\" \/><\/figure>\n\n\n\n<p>Un rumor interesante en Singapur fue que P\u00e9rez y Red Bull han acordado un plan que lo llevar\u00e1 a anunciar su retiro en M\u00e9xico, d\u00e1ndole una salida m\u00e1s suave que ser despedido, lo que ser\u00eda menos doloroso para las ventas de Red Bull en Am\u00e9rica, fue lo comentado por Saward.<br><\/p>\n\n\n\n<p>Ante la creciente ola de rumores que apuntan al retiro de \u201cCheco\u201d P\u00e9rez en esta misma temporada, Helmut Marko, del equipo Red Bull, dio su punto de vista al respecto, sin confirmar ni desmentir la informaci\u00f3n que se ha dado a conocer al respecto.<br><\/p>\n\n\n\n<p>\u201cNunca lo hab\u00eda escuchado (el retiro de \u2018Checo\u2019 P\u00e9rez este a\u00f1o), ser\u00eda una alternativa interesante. Su esposa se encuentra esperando a su cuarto hijo, as\u00ed que ser\u00eda interesante\u201d, fue la opini\u00f3n del asesor del equipo Red Bull acerca de los rumores.<\/p>\n","protected":false},"excerpt":{"rendered":"<p>Fue ante la ola de rumores por su retiro que el piloto tapat\u00edo dio a conocer la fecha aproximada para su adi\u00f3s de los emparrillados. El piloto mexicano del equipo Red Bull, Sergio \u201cCheco\u201d P\u00e9rez, sali\u00f3 ha aclarar los rumores que apuntan a su posible retiro de la F\u00f3rmula 1 este a\u00f1o; aclar\u00f3 que de [&hellip;]<\/p>\n","protected":false},"author":1,"featured_media":65142,"comment_status":"closed","ping_status":"closed","sticky":false,"template":"","format":"standard","meta":{"footnotes":""},"categories":[38,30],"tags":[],"class_list":["post-65141","post","type-post","status-publish","format-standard","has-post-thumbnail","hentry","category-deportes","category-destacado"],"_links":{"self":[{"href":"https:\/\/elinformante.mx\/index.php?rest_route=\/wp\/v2\/posts\/65141","targetHints":{"allow":["GET"]}}],"collection":[{"href":"https:\/\/elinformante.mx\/index.php?rest_route=\/wp\/v2\/posts"}],"about":[{"href":"https:\/\/elinformante.mx\/index.php?rest_route=\/wp\/v2\/types\/post"}],"author":[{"embeddable":true,"href":"https:\/\/elinformante.mx\/index.php?rest_route=\/wp\/v2\/users\/1"}],"replies":[{"embeddable":true,"href":"https:\/\/elinformante.mx\/index.php?rest_route=%2Fwp%2Fv2%2Fcomments&post=65141"}],"version-history":[{"count":0,"href":"https:\/\/elinformante.mx\/index.php?rest_route=\/wp\/v2\/posts\/65141\/revisions"}],"wp:featuredmedia":[{"embeddable":true,"href":"https:\/\/elinformante.mx\/index.php?rest_route=\/wp\/v2\/media\/65142"}],"wp:attachment":[{"href":"https:\/\/elinformante.mx\/index.php?rest_route=%2Fwp%2Fv2%2Fmedia&parent=65141"}],"wp:term":[{"taxonomy":"category","embeddable":true,"href":"https:\/\/elinformante.mx\/index.php?rest_route=%2Fwp%2Fv2%2Fcategories&post=65141"},{"taxonomy":"post_tag","embeddable":true,"href":"https:\/\/elinformante.mx\/index.php?rest_route=%2Fwp%2Fv2%2Ftags&post=65141"}],"curies":[{"name":"wp","href":"https:\/\/api.w.org\/{rel}","templated":true}]}}