{"id":65148,"date":"2024-09-27T05:10:55","date_gmt":"2024-09-27T11:10:55","guid":{"rendered":"https:\/\/elinformante.mx\/?p=65148"},"modified":"2024-09-27T05:10:56","modified_gmt":"2024-09-27T11:10:56","slug":"tres-sujetos-son-detenidos-por-portacion-de-armas-de-fuego","status":"publish","type":"post","link":"https:\/\/elinformante.mx\/?p=65148","title":{"rendered":"Tres sujetos son detenidos por portaci\u00f3n de armas de fuego"},"content":{"rendered":"\n<blockquote class=\"wp-block-quote is-layout-flow wp-block-quote-is-layout-flow\">\n<p>Se decomis\u00f3 una r\u00e9plica de arma de fuego, cartuchos \u00fatiles, cargadores y el veh\u00edculo en el que viajaban.<\/p>\n<\/blockquote>\n\n\n\n<p>Como parte del Operativo Coordinaci\u00f3n Estado\u2013Municipio (CEM), efectivos de la Secretar\u00eda de Seguridad del Edomex (SSEM) detuvieron a tres personas por su probable participaci\u00f3n en el delito de portaci\u00f3n de arma de fuego.<br><\/p>\n\n\n\n<p>Al efectuar patrullajes, los uniformados de ambas corporaciones observaron el paso de un Volkswagen Jetta color negro, en el que viajaban tres hombres sobre el camino a Canutillo esquina con Carril del Venado, en la colonia La Venta.<br><\/p>\n\n\n\n<p>Los sujetos, al notar la presencia de las fuerzas del orden aceleraron su marcha, por lo que se les solicit\u00f3 detenerse, situaci\u00f3n que ignoraron y trataron de evadir la acci\u00f3n; metros m\u00e1s adelante, se les cerr\u00f3 el paso para as\u00ed evitar la huida.<br><\/p>\n\n\n\n<p>Luego de una revisi\u00f3n protocolaria y llevar a cabo una inspecci\u00f3n al interior de la unidad, Jonathan \u201cN\u201d, V\u00edctor \u201cN\u201d y Luis \u201cN\u201d, de 36, 39 y 23 a\u00f1os respectivamente, fueron detenidos tras localizarles un arma de fuego tipo escuadra de la marca Glock, calibre 380 mil\u00edmetros con dos cargadores y varios cartuchos \u00fatiles del mismo calibre.<br><\/p>\n\n\n\n<p>As\u00ed mismo, se decomis\u00f3 una r\u00e9plica de arma de fuego tipo Glock, dos cargadores de pl\u00e1stico y cartuchos calibre 380 mil\u00edmetros; adem\u00e1s, les fue asegurado el automotor en el que se desplazaban. Por los hechos, los individuos fueron llevados ante la autoridad correspondiente, donde se definir\u00e1 su situaci\u00f3n jur\u00eddica.<\/p>\n","protected":false},"excerpt":{"rendered":"<p>Se decomis\u00f3 una r\u00e9plica de arma de fuego, cartuchos \u00fatiles, cargadores y el veh\u00edculo en el que viajaban. Como parte del Operativo Coordinaci\u00f3n Estado\u2013Municipio (CEM), efectivos de la Secretar\u00eda de Seguridad del Edomex (SSEM) detuvieron a tres personas por su probable participaci\u00f3n en el delito de portaci\u00f3n de arma de fuego. Al efectuar patrullajes, los [&hellip;]<\/p>\n","protected":false},"author":1,"featured_media":65149,"comment_status":"closed","ping_status":"closed","sticky":false,"template":"","format":"standard","meta":{"footnotes":""},"categories":[36,37],"tags":[],"class_list":["post-65148","post","type-post","status-publish","format-standard","has-post-thumbnail","hentry","category-edomex","category-justicia"],"_links":{"self":[{"href":"https:\/\/elinformante.mx\/index.php?rest_route=\/wp\/v2\/posts\/65148","targetHints":{"allow":["GET"]}}],"collection":[{"href":"https:\/\/elinformante.mx\/index.php?rest_route=\/wp\/v2\/posts"}],"about":[{"href":"https:\/\/elinformante.mx\/index.php?rest_route=\/wp\/v2\/types\/post"}],"author":[{"embeddable":true,"href":"https:\/\/elinformante.mx\/index.php?rest_route=\/wp\/v2\/users\/1"}],"replies":[{"embeddable":true,"href":"https:\/\/elinformante.mx\/index.php?rest_route=%2Fwp%2Fv2%2Fcomments&post=65148"}],"version-history":[{"count":0,"href":"https:\/\/elinformante.mx\/index.php?rest_route=\/wp\/v2\/posts\/65148\/revisions"}],"wp:featuredmedia":[{"embeddable":true,"href":"https:\/\/elinformante.mx\/index.php?rest_route=\/wp\/v2\/media\/65149"}],"wp:attachment":[{"href":"https:\/\/elinformante.mx\/index.php?rest_route=%2Fwp%2Fv2%2Fmedia&parent=65148"}],"wp:term":[{"taxonomy":"category","embeddable":true,"href":"https:\/\/elinformante.mx\/index.php?rest_route=%2Fwp%2Fv2%2Fcategories&post=65148"},{"taxonomy":"post_tag","embeddable":true,"href":"https:\/\/elinformante.mx\/index.php?rest_route=%2Fwp%2Fv2%2Ftags&post=65148"}],"curies":[{"name":"wp","href":"https:\/\/api.w.org\/{rel}","templated":true}]}}