{"id":65161,"date":"2024-09-27T05:22:18","date_gmt":"2024-09-27T11:22:18","guid":{"rendered":"https:\/\/elinformante.mx\/?p=65161"},"modified":"2024-09-27T05:22:19","modified_gmt":"2024-09-27T11:22:19","slug":"ine-nombra-a-nuevas-consejerias-del-ieem","status":"publish","type":"post","link":"https:\/\/elinformante.mx\/?p=65161","title":{"rendered":"INE nombra a nuevas Consejer\u00edas del IEEM"},"content":{"rendered":"\n<blockquote class=\"wp-block-quote is-layout-flow wp-block-quote-is-layout-flow\">\n<p>Por primera vez en su historia el m\u00e1ximo \u00f3rgano de direcci\u00f3n se conformar\u00e1 \u00fanicamente de mujeres.<\/p>\n<\/blockquote>\n\n\n\n<p>En Sesi\u00f3n Ordinaria, el Consejo General del Instituto Nacional Electoral (INE), nombr\u00f3 como nuevas integrantes del Consejo General del Instituto Electoral del Estado de M\u00e9xico a July \u00c9rika Armenta Paulino, Sayonara Flores Palacios y Flor Angel\u00ed Vieyra V\u00e1zquez; con ello, por primera vez en su historia, el m\u00e1ximo \u00f3rgano de direcci\u00f3n estar\u00e1 conformado en su totalidad por mujeres.<br><\/p>\n\n\n\n<figure class=\"wp-block-image size-large\"><img fetchpriority=\"high\" decoding=\"async\" width=\"1024\" height=\"503\" src=\"https:\/\/elinformante.mx\/wp-content\/uploads\/2024\/09\/12IEEM-5-1024x503.jpg\" alt=\"\" class=\"wp-image-65163\" srcset=\"https:\/\/elinformante.mx\/wp-content\/uploads\/2024\/09\/12IEEM-5-1024x503.jpg 1024w, https:\/\/elinformante.mx\/wp-content\/uploads\/2024\/09\/12IEEM-5-300x147.jpg 300w, https:\/\/elinformante.mx\/wp-content\/uploads\/2024\/09\/12IEEM-5-768x377.jpg 768w, https:\/\/elinformante.mx\/wp-content\/uploads\/2024\/09\/12IEEM-5-580x285.jpg 580w, https:\/\/elinformante.mx\/wp-content\/uploads\/2024\/09\/12IEEM-5-860x422.jpg 860w, https:\/\/elinformante.mx\/wp-content\/uploads\/2024\/09\/12IEEM-5.jpg 1140w\" sizes=\"(max-width: 1024px) 100vw, 1024px\" \/><\/figure>\n\n\n\n<p>Luego de un arduo proceso de selecci\u00f3n y evaluaci\u00f3n que inici\u00f3 el pasado mes de enero, el INE consider\u00f3 que los tres perfiles seleccionados fueron los id\u00f3neos para ocupar el cargo de Consejera Electoral por los pr\u00f3ximos siete a\u00f1os y a partir del 1 de octubre de 2024.<br><\/p>\n\n\n\n<p>Armenta Paulino, Flores Palacios y Vieyra V\u00e1zquez, realizaron pruebas de conocimientos, habilidades gerenciales, un ensayo y una entrevista llevada a cabo por Consejeras y Consejeros Electorales del INE resultando id\u00f3neas para ocupar el cargo.<\/p>\n","protected":false},"excerpt":{"rendered":"<p>Por primera vez en su historia el m\u00e1ximo \u00f3rgano de direcci\u00f3n se conformar\u00e1 \u00fanicamente de mujeres. En Sesi\u00f3n Ordinaria, el Consejo General del Instituto Nacional Electoral (INE), nombr\u00f3 como nuevas integrantes del Consejo General del Instituto Electoral del Estado de M\u00e9xico a July \u00c9rika Armenta Paulino, Sayonara Flores Palacios y Flor Angel\u00ed Vieyra V\u00e1zquez; con [&hellip;]<\/p>\n","protected":false},"author":1,"featured_media":65162,"comment_status":"closed","ping_status":"closed","sticky":false,"template":"","format":"standard","meta":{"footnotes":""},"categories":[36],"tags":[],"class_list":["post-65161","post","type-post","status-publish","format-standard","has-post-thumbnail","hentry","category-edomex"],"_links":{"self":[{"href":"https:\/\/elinformante.mx\/index.php?rest_route=\/wp\/v2\/posts\/65161","targetHints":{"allow":["GET"]}}],"collection":[{"href":"https:\/\/elinformante.mx\/index.php?rest_route=\/wp\/v2\/posts"}],"about":[{"href":"https:\/\/elinformante.mx\/index.php?rest_route=\/wp\/v2\/types\/post"}],"author":[{"embeddable":true,"href":"https:\/\/elinformante.mx\/index.php?rest_route=\/wp\/v2\/users\/1"}],"replies":[{"embeddable":true,"href":"https:\/\/elinformante.mx\/index.php?rest_route=%2Fwp%2Fv2%2Fcomments&post=65161"}],"version-history":[{"count":0,"href":"https:\/\/elinformante.mx\/index.php?rest_route=\/wp\/v2\/posts\/65161\/revisions"}],"wp:featuredmedia":[{"embeddable":true,"href":"https:\/\/elinformante.mx\/index.php?rest_route=\/wp\/v2\/media\/65162"}],"wp:attachment":[{"href":"https:\/\/elinformante.mx\/index.php?rest_route=%2Fwp%2Fv2%2Fmedia&parent=65161"}],"wp:term":[{"taxonomy":"category","embeddable":true,"href":"https:\/\/elinformante.mx\/index.php?rest_route=%2Fwp%2Fv2%2Fcategories&post=65161"},{"taxonomy":"post_tag","embeddable":true,"href":"https:\/\/elinformante.mx\/index.php?rest_route=%2Fwp%2Fv2%2Ftags&post=65161"}],"curies":[{"name":"wp","href":"https:\/\/api.w.org\/{rel}","templated":true}]}}