{"id":65165,"date":"2024-09-27T05:28:27","date_gmt":"2024-09-27T11:28:27","guid":{"rendered":"https:\/\/elinformante.mx\/?p=65165"},"modified":"2024-09-27T05:28:29","modified_gmt":"2024-09-27T11:28:29","slug":"pjedomex-llevara-a-cabo-el-congreso-nacional-federalismo-judicial-2024","status":"publish","type":"post","link":"https:\/\/elinformante.mx\/?p=65165","title":{"rendered":"PJEdom\u00e9x llevar\u00e1 a cabo el \u201cCongreso Nacional Federalismo Judicial 2024\u201d"},"content":{"rendered":"\n<blockquote class=\"wp-block-quote is-layout-flow wp-block-quote-is-layout-flow\">\n<p>Se desarrollar\u00e1 en modalidades virtual y presencial; abordar\u00e1 temas como Carrera Judicial.<\/p>\n<\/blockquote>\n\n\n\n<p>Con el objetivo de profundizar en el an\u00e1lisis de los desaf\u00edos y oportunidades del contexto actual en la estructura, organizaci\u00f3n y funcionamiento de los tribunales de justicia, el PJEdom\u00e9x llevar\u00e1 a cabo el \u201cCongreso Nacional Federalismo Judicial 2024. Los poderes judiciales locales de cara a la reforma judicial\u201d del 2 al 4 de octubre.<br><\/p>\n\n\n\n<p>Organizado por el Poder Judicial del Estado de M\u00e9xico, este ejercicio acad\u00e9mico se desarrollar\u00e1 en modalidades virtual y presencial; abordar\u00e1 temas como 1824- 2024 a 200 a\u00f1os \u201cfederalismo judicial\u201d, contenido de la reforma, Carrera Judicial, distribuci\u00f3n de facultades, atribuciones y competencias derivadas de la reforma y estructura, organizaci\u00f3n y funcionamiento de los poderes judiciales locales.<br><\/p>\n\n\n\n<p>Tendr\u00e1 como sede la Escuela Judicial, donde se presentar\u00e1n conferencias, mesas de di\u00e1logo y talleres; con la participaci\u00f3n de expositoras y expositores de primer nivel como Juan Luis Gonz\u00e1lez Alc\u00e1ntara Carranc\u00e1, Ministro de la Suprema Corte de Justicia de la Naci\u00f3n SCJN y Jos\u00e9 El\u00edas Romero Apis, destacado jurista, quien impartir\u00e1 la conferencia \u201cDistribuci\u00f3n de facultades, atribuciones y competencias derivadas de la reforma judicial\u201d.<br><\/p>\n\n\n\n<p>Tambi\u00e9n intervendr\u00e1n Gladys Fabiola Morales Ram\u00edrez, del Centro de Estudios Constitucionales de la SCJN; Juan Abelardo Hern\u00e1ndez Franco y Jos\u00e9 Ram\u00f3n Narv\u00e1ez, investigadores de la Escuela Judicial Electoral del Tribunal en la materia del Poder Judicial de la Federaci\u00f3n; Ra\u00fal P\u00e9rez Johnston, abogado constitucionalista y Amalia Pulido G\u00f3mez, Consejera Presidenta del Instituto Electoral del Estado de M\u00e9xico.<br><\/p>\n\n\n\n<p>Sergio Valls Esponda, Director del Centro Estatal de Mediaci\u00f3n del PJEdom\u00e9x participar\u00e1 en la mesa de di\u00e1logo \u201cMedios Alternos de Soluci\u00f3n de Conflictos\u201d; en tanto, Rafael Estrada Michel, Coordinador General de Acceso a la Justicia encabezar\u00e1 los trabajos del taller \u201cContenido tem\u00e1tico de la reforma judicial\u201d y Ricardo Sep\u00falveda, Coordinador General de Compilaci\u00f3n y Sistematizaci\u00f3n de Tesis dirigir\u00e1 el taller \u201cReforma judicial y producci\u00f3n jurisprudencial\u201d.<\/p>\n","protected":false},"excerpt":{"rendered":"<p>Se desarrollar\u00e1 en modalidades virtual y presencial; abordar\u00e1 temas como Carrera Judicial. Con el objetivo de profundizar en el an\u00e1lisis de los desaf\u00edos y oportunidades del contexto actual en la estructura, organizaci\u00f3n y funcionamiento de los tribunales de justicia, el PJEdom\u00e9x llevar\u00e1 a cabo el \u201cCongreso Nacional Federalismo Judicial 2024. Los poderes judiciales locales de [&hellip;]<\/p>\n","protected":false},"author":1,"featured_media":65166,"comment_status":"closed","ping_status":"closed","sticky":false,"template":"","format":"standard","meta":{"footnotes":""},"categories":[30,36],"tags":[],"class_list":["post-65165","post","type-post","status-publish","format-standard","has-post-thumbnail","hentry","category-destacado","category-edomex"],"_links":{"self":[{"href":"https:\/\/elinformante.mx\/index.php?rest_route=\/wp\/v2\/posts\/65165","targetHints":{"allow":["GET"]}}],"collection":[{"href":"https:\/\/elinformante.mx\/index.php?rest_route=\/wp\/v2\/posts"}],"about":[{"href":"https:\/\/elinformante.mx\/index.php?rest_route=\/wp\/v2\/types\/post"}],"author":[{"embeddable":true,"href":"https:\/\/elinformante.mx\/index.php?rest_route=\/wp\/v2\/users\/1"}],"replies":[{"embeddable":true,"href":"https:\/\/elinformante.mx\/index.php?rest_route=%2Fwp%2Fv2%2Fcomments&post=65165"}],"version-history":[{"count":0,"href":"https:\/\/elinformante.mx\/index.php?rest_route=\/wp\/v2\/posts\/65165\/revisions"}],"wp:featuredmedia":[{"embeddable":true,"href":"https:\/\/elinformante.mx\/index.php?rest_route=\/wp\/v2\/media\/65166"}],"wp:attachment":[{"href":"https:\/\/elinformante.mx\/index.php?rest_route=%2Fwp%2Fv2%2Fmedia&parent=65165"}],"wp:term":[{"taxonomy":"category","embeddable":true,"href":"https:\/\/elinformante.mx\/index.php?rest_route=%2Fwp%2Fv2%2Fcategories&post=65165"},{"taxonomy":"post_tag","embeddable":true,"href":"https:\/\/elinformante.mx\/index.php?rest_route=%2Fwp%2Fv2%2Ftags&post=65165"}],"curies":[{"name":"wp","href":"https:\/\/api.w.org\/{rel}","templated":true}]}}