{"id":65171,"date":"2024-09-27T05:33:10","date_gmt":"2024-09-27T11:33:10","guid":{"rendered":"https:\/\/elinformante.mx\/?p=65171"},"modified":"2024-09-27T05:33:11","modified_gmt":"2024-09-27T11:33:11","slug":"refuerza-el-alcalde-de-lerma-apoyo-a-familias-afectadas-por-las-lluvias","status":"publish","type":"post","link":"https:\/\/elinformante.mx\/?p=65171","title":{"rendered":"Refuerza el alcalde de Lerma apoyo a familias afectadas por las lluvias"},"content":{"rendered":"\n<blockquote class=\"wp-block-quote is-layout-flow wp-block-quote-is-layout-flow\">\n<p>Las acciones coordinadas con Protecci\u00f3n Civil y la CONAGUA buscan mitigar los da\u00f1os ocasionados por las precipitaciones y garantizar la seguridad de los ciudadanos.<\/p>\n<\/blockquote>\n\n\n\n<p>El alcalde de Lerma, Miguel \u00c1ngel Ram\u00edrez Ponce, en colaboraci\u00f3n con autoridades estatales y federales, sigue brindando apoyo a las familias afectadas por las fuertes lluvias que han azotado la regi\u00f3n. Las acciones coordinadas con Protecci\u00f3n Civil y la CONAGUA buscan mitigar los da\u00f1os ocasionados por las precipitaciones y garantizar la seguridad de los ciudadanos.<br><\/p>\n\n\n\n<p>En respuesta a la emergencia provocada por la intensa temporada de lluvias, el alcalde de Lerma, Miguel \u00c1ngel Ram\u00edrez Ponce, ha intensificado las labores de apoyo a las familias m\u00e1s afectadas. A trav\u00e9s de un esfuerzo conjunto con el Ing. Alejandro Ortiz, titular de Atenci\u00f3n de Emergencias de la Direcci\u00f3n Local del Estado de M\u00e9xico, y personal de la Comisi\u00f3n Nacional del Agua (CONAGUA), se han llevado a cabo recorridos por las zonas m\u00e1s vulnerables.<br><\/p>\n\n\n\n<p>Las acciones no se limitan a las autoridades municipales. En los recorridos tambi\u00e9n participa personal del gobierno estatal, el organismo municipal de Operaci\u00f3n y Agua Potable (Opdapas) y la Coordinaci\u00f3n Municipal de Protecci\u00f3n Civil y Bomberos de Lerma, quienes han trabajado arduamente para asegurar el bienestar de las familias. Estas instituciones han establecido un plan de respuesta r\u00e1pida ante las posibles contingencias que puedan derivarse de las intensas precipitaciones.<br><\/p>\n\n\n\n<figure class=\"wp-block-image size-large\"><img fetchpriority=\"high\" decoding=\"async\" width=\"1024\" height=\"503\" src=\"https:\/\/elinformante.mx\/wp-content\/uploads\/2024\/09\/11lerma-2-4-1024x503.jpg\" alt=\"\" class=\"wp-image-65173\" srcset=\"https:\/\/elinformante.mx\/wp-content\/uploads\/2024\/09\/11lerma-2-4-1024x503.jpg 1024w, https:\/\/elinformante.mx\/wp-content\/uploads\/2024\/09\/11lerma-2-4-300x147.jpg 300w, https:\/\/elinformante.mx\/wp-content\/uploads\/2024\/09\/11lerma-2-4-768x377.jpg 768w, https:\/\/elinformante.mx\/wp-content\/uploads\/2024\/09\/11lerma-2-4-580x285.jpg 580w, https:\/\/elinformante.mx\/wp-content\/uploads\/2024\/09\/11lerma-2-4-860x422.jpg 860w, https:\/\/elinformante.mx\/wp-content\/uploads\/2024\/09\/11lerma-2-4.jpg 1140w\" sizes=\"(max-width: 1024px) 100vw, 1024px\" \/><\/figure>\n\n\n\n<p>Durante estos recorridos, se han identificado varias zonas afectadas por las inundaciones, y se est\u00e1 trabajando en la evaluaci\u00f3n de da\u00f1os. El objetivo es brindar soluciones inmediatas, como la instalaci\u00f3n de bombas de agua y el despliegue de brigadas de atenci\u00f3n m\u00e9dica, as\u00ed como la distribuci\u00f3n de suministros b\u00e1sicos a las familias damnificadas. Las autoridades tambi\u00e9n han hecho un llamado a la poblaci\u00f3n para que sigan las recomendaciones preventivas, con el fin de evitar incidentes mayores.<br><\/p>\n\n\n\n<p>El alcalde Ram\u00edrez Ponce reafirm\u00f3 su compromiso de seguir apoyando a la comunidad durante esta situaci\u00f3n de emergencia, destacando que \u201cel trabajo en equipo es fundamental para enfrentar esta crisis clim\u00e1tica y proteger a los ciudadanos\u201d. Adem\u00e1s, inst\u00f3 a la ciudadan\u00eda a mantenerse informada a trav\u00e9s de los canales oficiales y a seguir las indicaciones de Protecci\u00f3n Civil.<br><\/p>\n\n\n\n<p>Gracias a la cooperaci\u00f3n de diversas instancias y el liderazgo del gobierno local, Lerma contin\u00faa en su esfuerzo por mitigar el impacto de la temporada de lluvias, garantizando la seguridad y el bienestar de sus habitantes.<\/p>\n","protected":false},"excerpt":{"rendered":"<p>Las acciones coordinadas con Protecci\u00f3n Civil y la CONAGUA buscan mitigar los da\u00f1os ocasionados por las precipitaciones y garantizar la seguridad de los ciudadanos. El alcalde de Lerma, Miguel \u00c1ngel Ram\u00edrez Ponce, en colaboraci\u00f3n con autoridades estatales y federales, sigue brindando apoyo a las familias afectadas por las fuertes lluvias que han azotado la regi\u00f3n. [&hellip;]<\/p>\n","protected":false},"author":1,"featured_media":65172,"comment_status":"closed","ping_status":"closed","sticky":false,"template":"","format":"standard","meta":{"footnotes":""},"categories":[30,36],"tags":[],"class_list":["post-65171","post","type-post","status-publish","format-standard","has-post-thumbnail","hentry","category-destacado","category-edomex"],"_links":{"self":[{"href":"https:\/\/elinformante.mx\/index.php?rest_route=\/wp\/v2\/posts\/65171","targetHints":{"allow":["GET"]}}],"collection":[{"href":"https:\/\/elinformante.mx\/index.php?rest_route=\/wp\/v2\/posts"}],"about":[{"href":"https:\/\/elinformante.mx\/index.php?rest_route=\/wp\/v2\/types\/post"}],"author":[{"embeddable":true,"href":"https:\/\/elinformante.mx\/index.php?rest_route=\/wp\/v2\/users\/1"}],"replies":[{"embeddable":true,"href":"https:\/\/elinformante.mx\/index.php?rest_route=%2Fwp%2Fv2%2Fcomments&post=65171"}],"version-history":[{"count":0,"href":"https:\/\/elinformante.mx\/index.php?rest_route=\/wp\/v2\/posts\/65171\/revisions"}],"wp:featuredmedia":[{"embeddable":true,"href":"https:\/\/elinformante.mx\/index.php?rest_route=\/wp\/v2\/media\/65172"}],"wp:attachment":[{"href":"https:\/\/elinformante.mx\/index.php?rest_route=%2Fwp%2Fv2%2Fmedia&parent=65171"}],"wp:term":[{"taxonomy":"category","embeddable":true,"href":"https:\/\/elinformante.mx\/index.php?rest_route=%2Fwp%2Fv2%2Fcategories&post=65171"},{"taxonomy":"post_tag","embeddable":true,"href":"https:\/\/elinformante.mx\/index.php?rest_route=%2Fwp%2Fv2%2Ftags&post=65171"}],"curies":[{"name":"wp","href":"https:\/\/api.w.org\/{rel}","templated":true}]}}