{"id":65182,"date":"2024-09-27T05:41:13","date_gmt":"2024-09-27T11:41:13","guid":{"rendered":"https:\/\/elinformante.mx\/?p=65182"},"modified":"2024-09-27T05:41:14","modified_gmt":"2024-09-27T11:41:14","slug":"delfina-gomez-da-mensaje-en-ecatepec-sobre-los-buenos-resultados-de-este-primer-ano-de-gobierno","status":"publish","type":"post","link":"https:\/\/elinformante.mx\/?p=65182","title":{"rendered":"Delfina G\u00f3mez da mensaje en Ecatepec sobre los buenos resultados de este Primer A\u00f1o de Gobierno"},"content":{"rendered":"\n<blockquote class=\"wp-block-quote is-layout-flow wp-block-quote-is-layout-flow\">\n<p>La Mandataria estatal rinde su segundo informe regional en Ecatepec, destaca la reducci\u00f3n de 25 a nueve pesos del costo de transporte en el Mexib\u00fas y Mexicable.<\/p>\n<\/blockquote>\n\n\n\n<p>La Gobernadora Delfina G\u00f3mez \u00c1lvarez rindi\u00f3 su segundo informe regional en Ecatepec, donde destac\u00f3 avances y el despliegue para atender temas prioritarios en el Valle de M\u00e9xico, como agua, seguridad, movilidad, salud, educaci\u00f3n y los programas de bienestar, particularmente aquellos enfocados a apoyar a las mujeres, que son el centro de la pol\u00edtica social de este gobierno.<br><\/p>\n\n\n\n<p>\u201cLas mujeres somos el coraz\u00f3n y la fuerza de Estado de M\u00e9xico; en nosotras vive el poder de la transformaci\u00f3n. Este es nuestro tiempo, es tiempo de mujeres, lo digo con mucho orgullo y con mucho cari\u00f1o\u201d, afirm\u00f3 la Gobernadora Delfina G\u00f3mez \u00c1lvarez.<br><\/p>\n\n\n\n<p>Ante m\u00e1s de 15 mil personas reunidas en el Centro Regional de Cultura, Arte y Deporte Las Am\u00e9ricas, en Ecatepec, la Mandataria estatal hizo \u00e9nfasis en el tema del agua y se comprometi\u00f3 a trabajar en coordinaci\u00f3n con las autoridades municipales para solucionar el abasto h\u00eddrico en Ecatepec.<br><\/p>\n\n\n\n<figure class=\"wp-block-image size-large\"><img fetchpriority=\"high\" decoding=\"async\" width=\"1024\" height=\"503\" src=\"https:\/\/elinformante.mx\/wp-content\/uploads\/2024\/09\/8delfina-2-3-1024x503.jpg\" alt=\"\" class=\"wp-image-65184\" srcset=\"https:\/\/elinformante.mx\/wp-content\/uploads\/2024\/09\/8delfina-2-3-1024x503.jpg 1024w, https:\/\/elinformante.mx\/wp-content\/uploads\/2024\/09\/8delfina-2-3-300x147.jpg 300w, https:\/\/elinformante.mx\/wp-content\/uploads\/2024\/09\/8delfina-2-3-768x377.jpg 768w, https:\/\/elinformante.mx\/wp-content\/uploads\/2024\/09\/8delfina-2-3-580x285.jpg 580w, https:\/\/elinformante.mx\/wp-content\/uploads\/2024\/09\/8delfina-2-3-860x422.jpg 860w, https:\/\/elinformante.mx\/wp-content\/uploads\/2024\/09\/8delfina-2-3.jpg 1140w\" sizes=\"(max-width: 1024px) 100vw, 1024px\" \/><\/figure>\n\n\n\n<p>\u201cMe queda claro que hay un pendiente en lo que es el servicio de agua, y por eso he instruido al Secretario de Agua que nos haga el favor de dar seguimiento y evaluaci\u00f3n. Hago el compromiso, junto con los compa\u00f1eros que me acompa\u00f1an, de regresar en las pr\u00f3ximas semanas para atender este tema, especialmente en la comunidad de Viento Nuevo, que sabemos es la m\u00e1s afectada\u201d, manifest\u00f3 la Gobernadora Delfina G\u00f3mez \u00c1lvarez.<br><\/p>\n\n\n\n<p>Al hablar sobre las mujeres, destac\u00f3 que ellas tienen la oportunidad de revertir grandes injusticias y estereotipos que las han relegado durante a\u00f1os, permiti\u00e9ndoles acceder a la salud, la educaci\u00f3n, el mercado laboral y la toma de decisiones.<br><\/p>\n\n\n\n<p>Precis\u00f3 que en Ecatepec, Teoloyucan, Tultitl\u00e1n y Zumpango se implement\u00f3 el Operativo \u201c100 D\u00edas\u201d y que en zonas con altos \u00edndices de violencia de g\u00e9nero se llevaron a cabo seis Operativos Violeta.<br><\/p>\n\n\n\n<figure class=\"wp-block-image size-large\"><img decoding=\"async\" width=\"1024\" height=\"503\" src=\"https:\/\/elinformante.mx\/wp-content\/uploads\/2024\/09\/8delfina-3-3-1024x503.jpg\" alt=\"\" class=\"wp-image-65185\" srcset=\"https:\/\/elinformante.mx\/wp-content\/uploads\/2024\/09\/8delfina-3-3-1024x503.jpg 1024w, https:\/\/elinformante.mx\/wp-content\/uploads\/2024\/09\/8delfina-3-3-300x147.jpg 300w, https:\/\/elinformante.mx\/wp-content\/uploads\/2024\/09\/8delfina-3-3-768x377.jpg 768w, https:\/\/elinformante.mx\/wp-content\/uploads\/2024\/09\/8delfina-3-3-580x285.jpg 580w, https:\/\/elinformante.mx\/wp-content\/uploads\/2024\/09\/8delfina-3-3-860x422.jpg 860w, https:\/\/elinformante.mx\/wp-content\/uploads\/2024\/09\/8delfina-3-3.jpg 1140w\" sizes=\"(max-width: 1024px) 100vw, 1024px\" \/><\/figure>\n\n\n\n<p>En cuanto a movilidad, la Gobernadora Delfina G\u00f3mez \u00c1lvarez se\u00f1al\u00f3 que uno de los principales objetivos de su administraci\u00f3n es proporcionar a la ciudadan\u00eda un transporte seguro, limpio y moderno.<br><\/p>\n\n\n\n<p>Por ello, se est\u00e1 trabajando en la construcci\u00f3n del Troleb\u00fas Elevado Chalco-Santa Martha y en la ampliaci\u00f3n del Tren Suburbano hasta el AIFA. Adem\u00e1s, se puso en operaci\u00f3n el Mexib\u00fas el\u00e9ctrico entre Ecatepec y la Ciudad de M\u00e9xico, homologando un solo pago.<br><\/p>\n\n\n\n<p>\u201cLo que anteriormente se pagaba en dos partes cuando se hac\u00eda el transbordo, ahora se paga una sola vez, y el costo se reduce a 9 pesos, cuando antes era m\u00e1s de 25 pesos. Ahora nuestros ciudadanos pagan nueve pesos y ya no hay ese pago doble\u201d, afirm\u00f3 la Gobernadora Delfina G\u00f3mez \u00c1lvarez.<br><\/p>\n\n\n\n<figure class=\"wp-block-image size-large\"><img decoding=\"async\" width=\"1024\" height=\"503\" src=\"https:\/\/elinformante.mx\/wp-content\/uploads\/2024\/09\/8delfina-4-2-1024x503.jpg\" alt=\"\" class=\"wp-image-65186\" srcset=\"https:\/\/elinformante.mx\/wp-content\/uploads\/2024\/09\/8delfina-4-2-1024x503.jpg 1024w, https:\/\/elinformante.mx\/wp-content\/uploads\/2024\/09\/8delfina-4-2-300x147.jpg 300w, https:\/\/elinformante.mx\/wp-content\/uploads\/2024\/09\/8delfina-4-2-768x377.jpg 768w, https:\/\/elinformante.mx\/wp-content\/uploads\/2024\/09\/8delfina-4-2-580x285.jpg 580w, https:\/\/elinformante.mx\/wp-content\/uploads\/2024\/09\/8delfina-4-2-860x422.jpg 860w, https:\/\/elinformante.mx\/wp-content\/uploads\/2024\/09\/8delfina-4-2.jpg 1140w\" sizes=\"(max-width: 1024px) 100vw, 1024px\" \/><\/figure>\n\n\n\n<p>Asimismo, en un hecho sin precedentes y de justicia social hacia las personas que m\u00e1s lo necesitan, cerca de 3 millones de usuarios con discapacidad, ni\u00f1os menores de cinco a\u00f1os y adultos mayores tienen acceso gratuito al Mexib\u00fas y Mexicable.<br><\/p>\n\n\n\n<p>La Gobernadora Delfina G\u00f3mez \u00c1lvarez destac\u00f3 que la salud es un derecho, no un privilegio. Por ello en colaboraci\u00f3n con el Gobierno de M\u00e9xico y el IMSS-Bienestar fortalecer\u00e1 los servicios m\u00e9dicos en la entidad, beneficiando a m\u00e1s de 9 millones de personas. Adem\u00e1s, se concluir\u00e1 la construcci\u00f3n de los hospitales de Tlalnepantla, Zumpango y el Centro Oncol\u00f3gico de Ecatepec.<br><\/p>\n\n\n\n<p>Finalmente, se refiri\u00f3 a las becas para estudiantes de todos los niveles, especialmente en educaci\u00f3n b\u00e1sica, para evitar la deserci\u00f3n escolar. Tambi\u00e9n mencion\u00f3 el apoyo a universitarios para que contin\u00faen su formaci\u00f3n en el extranjero y reiter\u00f3 a los maestros su compromiso de continuar con el proceso de basificaci\u00f3n, garantiz\u00e1ndoles estabilidad laboral.<\/p>\n","protected":false},"excerpt":{"rendered":"<p>La Mandataria estatal rinde su segundo informe regional en Ecatepec, destaca la reducci\u00f3n de 25 a nueve pesos del costo de transporte en el Mexib\u00fas y Mexicable. La Gobernadora Delfina G\u00f3mez \u00c1lvarez rindi\u00f3 su segundo informe regional en Ecatepec, donde destac\u00f3 avances y el despliegue para atender temas prioritarios en el Valle de M\u00e9xico, como [&hellip;]<\/p>\n","protected":false},"author":1,"featured_media":65183,"comment_status":"closed","ping_status":"closed","sticky":false,"template":"","format":"standard","meta":{"footnotes":""},"categories":[30,36,31],"tags":[],"class_list":["post-65182","post","type-post","status-publish","format-standard","has-post-thumbnail","hentry","category-destacado","category-edomex","category-portada"],"_links":{"self":[{"href":"https:\/\/elinformante.mx\/index.php?rest_route=\/wp\/v2\/posts\/65182","targetHints":{"allow":["GET"]}}],"collection":[{"href":"https:\/\/elinformante.mx\/index.php?rest_route=\/wp\/v2\/posts"}],"about":[{"href":"https:\/\/elinformante.mx\/index.php?rest_route=\/wp\/v2\/types\/post"}],"author":[{"embeddable":true,"href":"https:\/\/elinformante.mx\/index.php?rest_route=\/wp\/v2\/users\/1"}],"replies":[{"embeddable":true,"href":"https:\/\/elinformante.mx\/index.php?rest_route=%2Fwp%2Fv2%2Fcomments&post=65182"}],"version-history":[{"count":0,"href":"https:\/\/elinformante.mx\/index.php?rest_route=\/wp\/v2\/posts\/65182\/revisions"}],"wp:featuredmedia":[{"embeddable":true,"href":"https:\/\/elinformante.mx\/index.php?rest_route=\/wp\/v2\/media\/65183"}],"wp:attachment":[{"href":"https:\/\/elinformante.mx\/index.php?rest_route=%2Fwp%2Fv2%2Fmedia&parent=65182"}],"wp:term":[{"taxonomy":"category","embeddable":true,"href":"https:\/\/elinformante.mx\/index.php?rest_route=%2Fwp%2Fv2%2Fcategories&post=65182"},{"taxonomy":"post_tag","embeddable":true,"href":"https:\/\/elinformante.mx\/index.php?rest_route=%2Fwp%2Fv2%2Ftags&post=65182"}],"curies":[{"name":"wp","href":"https:\/\/api.w.org\/{rel}","templated":true}]}}