{"id":65188,"date":"2024-09-27T05:51:56","date_gmt":"2024-09-27T11:51:56","guid":{"rendered":"https:\/\/elinformante.mx\/?p=65188"},"modified":"2024-09-27T05:51:57","modified_gmt":"2024-09-27T11:51:57","slug":"inicia-funcionamiento-pasarela-que-conecta-linea-1-con-cablebus-cetram-indios-verdes","status":"publish","type":"post","link":"https:\/\/elinformante.mx\/?p=65188","title":{"rendered":"Inicia funcionamiento pasarela que conecta L\u00ednea 1 con Cableb\u00fas CETRAM Indios Verdes"},"content":{"rendered":"\n<blockquote class=\"wp-block-quote is-layout-flow wp-block-quote-is-layout-flow\">\n<p>Esta pasarela beneficiar\u00e1 a los usuarios, brind\u00e1ndoles una mejor experiencia en el viaje.<\/p>\n<\/blockquote>\n\n\n\n<p>La Red de Movilidad Integrada (MI) informa que ya se encuentra en funcionamiento la nueva pasarela que conectar\u00e1 la L\u00ednea 1 del Sistema Cableb\u00fas con el Centro de Transferencia Modal (CETRAM) Indios Verdes, en la Alcald\u00eda Gustavo A. Madero, con el objetivo de mejorar la experiencia de viaje de las personas que se trasladan en el norte de la Ciudad de M\u00e9xico.<br><\/p>\n\n\n\n<p>La construcci\u00f3n de la pasarela estuvo a cargo de la Secretar\u00eda de Obras y Servicios (SOBSE) y forma parte de la modernizaci\u00f3n del CETRAM Indios Verdes, cuya primera etapa entr\u00f3 en servicio en abril de 2024, con la creaci\u00f3n de nuevas terminales para Metrob\u00fas L\u00ednea 1 y 3, y Mexib\u00fas L\u00ednea IV.<br><\/p>\n\n\n\n<p>La pasarela se encuentra ubicada en la salida de la L\u00ednea 1 del Sistema Cableb\u00fas, lo que permite que las personas que viajan desde las zonas altas de la Alcald\u00eda Gustavo A. Madero a trav\u00e9s de este moderno sistema, puedan transbordar de manera directa con otras alternativas de movilidad y continuar sus viajes rumbo a la Ciudad y el Estado de M\u00e9xico.<br><\/p>\n\n\n\n<p>De esta manera, la obra conecta con las L\u00edneas 1 y 3 del Metrob\u00fas, con direcci\u00f3n a El Caminero, y Pueblo de Sta. Cruz Atoyac, respectivamente, adem\u00e1s de tener conexi\u00f3n con la L\u00ednea 3 del Sistema de Transporte Colectivo (STC) Metro, con destino a Universidad, sumado al enlace con el Mexib\u00fas del Estado de M\u00e9xico.<br><\/p>\n\n\n\n<p>La infraestructura aperturada tiene una longitud de 80 metros, en donde destaca la instalaci\u00f3n de 50 luminarias, mapas de la Red MI y dos escaleras de emergencia, entre otros elementos que brindan una experiencia de viaje m\u00e1s c\u00f3moda para los y las personas usuarias del CETRAM.<br><\/p>\n\n\n\n<p>Con la puesta en marcha de esta nueva pasarela, la Red MI refrenda su compromiso de seguir construyendo espacios accesibles y seguros, que garanticen las mejores condiciones para tener viajes intermodales en beneficio de la ciudadan\u00eda.<\/p>\n","protected":false},"excerpt":{"rendered":"<p>Esta pasarela beneficiar\u00e1 a los usuarios, brind\u00e1ndoles una mejor experiencia en el viaje. La Red de Movilidad Integrada (MI) informa que ya se encuentra en funcionamiento la nueva pasarela que conectar\u00e1 la L\u00ednea 1 del Sistema Cableb\u00fas con el Centro de Transferencia Modal (CETRAM) Indios Verdes, en la Alcald\u00eda Gustavo A. Madero, con el objetivo [&hellip;]<\/p>\n","protected":false},"author":1,"featured_media":65189,"comment_status":"closed","ping_status":"closed","sticky":false,"template":"","format":"standard","meta":{"footnotes":""},"categories":[35],"tags":[],"class_list":["post-65188","post","type-post","status-publish","format-standard","has-post-thumbnail","hentry","category-cdmx"],"_links":{"self":[{"href":"https:\/\/elinformante.mx\/index.php?rest_route=\/wp\/v2\/posts\/65188","targetHints":{"allow":["GET"]}}],"collection":[{"href":"https:\/\/elinformante.mx\/index.php?rest_route=\/wp\/v2\/posts"}],"about":[{"href":"https:\/\/elinformante.mx\/index.php?rest_route=\/wp\/v2\/types\/post"}],"author":[{"embeddable":true,"href":"https:\/\/elinformante.mx\/index.php?rest_route=\/wp\/v2\/users\/1"}],"replies":[{"embeddable":true,"href":"https:\/\/elinformante.mx\/index.php?rest_route=%2Fwp%2Fv2%2Fcomments&post=65188"}],"version-history":[{"count":0,"href":"https:\/\/elinformante.mx\/index.php?rest_route=\/wp\/v2\/posts\/65188\/revisions"}],"wp:featuredmedia":[{"embeddable":true,"href":"https:\/\/elinformante.mx\/index.php?rest_route=\/wp\/v2\/media\/65189"}],"wp:attachment":[{"href":"https:\/\/elinformante.mx\/index.php?rest_route=%2Fwp%2Fv2%2Fmedia&parent=65188"}],"wp:term":[{"taxonomy":"category","embeddable":true,"href":"https:\/\/elinformante.mx\/index.php?rest_route=%2Fwp%2Fv2%2Fcategories&post=65188"},{"taxonomy":"post_tag","embeddable":true,"href":"https:\/\/elinformante.mx\/index.php?rest_route=%2Fwp%2Fv2%2Ftags&post=65188"}],"curies":[{"name":"wp","href":"https:\/\/api.w.org\/{rel}","templated":true}]}}