{"id":65198,"date":"2024-09-27T06:12:58","date_gmt":"2024-09-27T12:12:58","guid":{"rendered":"https:\/\/elinformante.mx\/?p=65198"},"modified":"2024-09-27T06:12:59","modified_gmt":"2024-09-27T12:12:59","slug":"marti-batres-rinde-su-ultimo-informe-de-la-alerta-por-violencia-contra-las-mujeres","status":"publish","type":"post","link":"https:\/\/elinformante.mx\/?p=65198","title":{"rendered":"Mart\u00ed Batres rinde su \u00faltimo informe de la alerta por violencia contra las mujeres"},"content":{"rendered":"\n<blockquote class=\"wp-block-quote is-layout-flow wp-block-quote-is-layout-flow\">\n<p>Destac\u00f3 la disminuci\u00f3n de muertes violentas en la CDMX, adem\u00e1s de aumentar la percepci\u00f3n de seguridad entre los ciudadanos.<\/p>\n<\/blockquote>\n\n\n\n<p>El Jefe de Gobierno, Mart\u00ed Batres Guadarrama, present\u00f3 el \u00faltimo Informe Mensual de Resultados de la Alerta por Violencia contra las Mujeres, que desde su declaratoria el 25 de noviembre de 2019 por la exJefa de Gobierno, Claudia Sheinbaum Pardo, dijo, contribuy\u00f3 a aumentar la percepci\u00f3n de seguridad y disminuir las muertes violentas de este sector.<br><\/p>\n\n\n\n<p>El mandatario capitalino destac\u00f3 que gracias a las acciones implementadas por la Alerta, aument\u00f3 la confianza de las mujeres en la Polic\u00eda de la Ciudad de M\u00e9xico, en la Fiscal\u00eda General de Justicia (FGJCDMX), en las Agencias del Ministerio P\u00fablico y en la Polic\u00eda de Investigaci\u00f3n, por lo que increment\u00f3 la confianza para presentar denuncias ante estas instituciones.<br><\/p>\n\n\n\n<p>Mart\u00ed Batres detall\u00f3 que en seis a\u00f1os se realizaron m\u00faltiples iniciativas pol\u00edticas, legislativas y program\u00e1ticas en torno a la Declaratoria de Alerta por Violencia contra las Mujeres. Por ejemplo, se crearon las unidades territoriales de atenci\u00f3n y prevenci\u00f3n de la violencia de g\u00e9nero LUNAS, de la Secretar\u00eda de las Mujeres (SEMUJERES), se impuls\u00f3 la estrategia Abogadas de las Mujeres y se construyeron m\u00e1s de mil 120 kil\u00f3metros de Sendero Seguros.<br><\/p>\n\n\n\n<figure class=\"wp-block-image size-large\"><img fetchpriority=\"high\" decoding=\"async\" width=\"1024\" height=\"503\" src=\"https:\/\/elinformante.mx\/wp-content\/uploads\/2024\/09\/5marti-2-15-1024x503.jpg\" alt=\"\" class=\"wp-image-65200\" srcset=\"https:\/\/elinformante.mx\/wp-content\/uploads\/2024\/09\/5marti-2-15-1024x503.jpg 1024w, https:\/\/elinformante.mx\/wp-content\/uploads\/2024\/09\/5marti-2-15-300x147.jpg 300w, https:\/\/elinformante.mx\/wp-content\/uploads\/2024\/09\/5marti-2-15-768x377.jpg 768w, https:\/\/elinformante.mx\/wp-content\/uploads\/2024\/09\/5marti-2-15-580x285.jpg 580w, https:\/\/elinformante.mx\/wp-content\/uploads\/2024\/09\/5marti-2-15-860x422.jpg 860w, https:\/\/elinformante.mx\/wp-content\/uploads\/2024\/09\/5marti-2-15.jpg 1140w\" sizes=\"(max-width: 1024px) 100vw, 1024px\" \/><\/figure>\n\n\n\n<p>Recalc\u00f3 la instalaci\u00f3n del Sistema de Cuidados de la Ciudad de M\u00e9xico y la aprobaci\u00f3n de la Ley Olimpia, la Ley Ingrid, la Ley Malena y la Ley contra la Violencia Vicaria; la Unidad de G\u00e9nero en la Secretar\u00eda de Seguridad Ciudadana (SSC) y se incorpor\u00f3 a la Ley, al mismo tiempo que se incorpor\u00f3 la paridad de g\u00e9nero en los mandos de esta Secretar\u00eda.<br><\/p>\n\n\n\n<p>Finalmente, el Jefe de Gobierno agradeci\u00f3 la labor interinstitucional de las distintas dependencias del Gobierno capitalino.<br><\/p>\n\n\n\n<p>Por su parte, el fiscal general de Justicia en funciones, Ulises Lara L\u00f3pez, detall\u00f3 que las muertes violentas de mujeres disminuyeron 18.8 por ciento si se compara enero a agosto del 2024 con el mismo lapso de 2021. Adem\u00e1s, dijo, los imputados por feminicidio aumentaron 138 por ciento si se compara con el mismo periodo pero de 2019.<br><\/p>\n\n\n\n<p>En cuanto al n\u00famero de imputados por el delito de feminicidio, se pas\u00f3 de tener 23 vinculaciones a proceso en 2019 a 64 en lo que va presente a\u00f1o, mientras que la eficiencia ministerial en este delito aument\u00f3 138 por ciento.<\/p>\n","protected":false},"excerpt":{"rendered":"<p>Destac\u00f3 la disminuci\u00f3n de muertes violentas en la CDMX, adem\u00e1s de aumentar la percepci\u00f3n de seguridad entre los ciudadanos. El Jefe de Gobierno, Mart\u00ed Batres Guadarrama, present\u00f3 el \u00faltimo Informe Mensual de Resultados de la Alerta por Violencia contra las Mujeres, que desde su declaratoria el 25 de noviembre de 2019 por la exJefa de [&hellip;]<\/p>\n","protected":false},"author":1,"featured_media":65199,"comment_status":"closed","ping_status":"closed","sticky":false,"template":"","format":"standard","meta":{"footnotes":""},"categories":[35,30],"tags":[],"class_list":["post-65198","post","type-post","status-publish","format-standard","has-post-thumbnail","hentry","category-cdmx","category-destacado"],"_links":{"self":[{"href":"https:\/\/elinformante.mx\/index.php?rest_route=\/wp\/v2\/posts\/65198","targetHints":{"allow":["GET"]}}],"collection":[{"href":"https:\/\/elinformante.mx\/index.php?rest_route=\/wp\/v2\/posts"}],"about":[{"href":"https:\/\/elinformante.mx\/index.php?rest_route=\/wp\/v2\/types\/post"}],"author":[{"embeddable":true,"href":"https:\/\/elinformante.mx\/index.php?rest_route=\/wp\/v2\/users\/1"}],"replies":[{"embeddable":true,"href":"https:\/\/elinformante.mx\/index.php?rest_route=%2Fwp%2Fv2%2Fcomments&post=65198"}],"version-history":[{"count":0,"href":"https:\/\/elinformante.mx\/index.php?rest_route=\/wp\/v2\/posts\/65198\/revisions"}],"wp:featuredmedia":[{"embeddable":true,"href":"https:\/\/elinformante.mx\/index.php?rest_route=\/wp\/v2\/media\/65199"}],"wp:attachment":[{"href":"https:\/\/elinformante.mx\/index.php?rest_route=%2Fwp%2Fv2%2Fmedia&parent=65198"}],"wp:term":[{"taxonomy":"category","embeddable":true,"href":"https:\/\/elinformante.mx\/index.php?rest_route=%2Fwp%2Fv2%2Fcategories&post=65198"},{"taxonomy":"post_tag","embeddable":true,"href":"https:\/\/elinformante.mx\/index.php?rest_route=%2Fwp%2Fv2%2Ftags&post=65198"}],"curies":[{"name":"wp","href":"https:\/\/api.w.org\/{rel}","templated":true}]}}