{"id":65202,"date":"2024-09-27T06:16:11","date_gmt":"2024-09-27T12:16:11","guid":{"rendered":"https:\/\/elinformante.mx\/?p=65202"},"modified":"2024-09-27T06:16:12","modified_gmt":"2024-09-27T12:16:12","slug":"se-reune-claudia-sheinbaum-con-empresarios-de-constellation-brands","status":"publish","type":"post","link":"https:\/\/elinformante.mx\/?p=65202","title":{"rendered":"Se re\u00fane Claudia Sheinbaum con empresarios de Constellation Brands"},"content":{"rendered":"\n<blockquote class=\"wp-block-quote is-layout-flow wp-block-quote-is-layout-flow\">\n<p>Los recibi\u00f3 en sus oficinas para llevar a cabo pl\u00e1ticas sobre las inversiones en M\u00e9xico.<\/p>\n<\/blockquote>\n\n\n\n<p>La presidenta electa, Claudia Sheinbaum, recibi\u00f3 en sus oficinas a directivos de la empresa cervecera que traslad\u00f3 de Mexicali a Veracruz su inversi\u00f3n para construir una planta.<br><\/p>\n\n\n\n<p>Mencion\u00f3 en sus redes sociales que se reuni\u00f3 con los directivos de la empresa Constellation Brands: Bill Newlands, presidente y CEO; Jim Bordeau, vicepresidente ejecutivo de asuntos p\u00fablicos y legal; Matt Stanton, vicepresidente global de asuntos p\u00fablicos; y Bernardo H. Mart\u00ednez Aguirre, vicepresidente de asuntos p\u00fablicos y representante en M\u00e9xico de Constellation Brands, los cuales se encuentran invirtiendo alrededor de 1,600 millones de d\u00f3lares en Veracruz.<br><\/p>\n\n\n\n<p>En esta reuni\u00f3n la presidenta electa estuvo acompa\u00f1ada de L\u00e1zaro C\u00e1rdenas Batel y Marcelo Ebrard. Durante la pl\u00e1tica celebrada pudimos observar que existe mucho inter\u00e9s de seguir invirtiendo en M\u00e9xico\u201d, expuso Sheinbaum.<br><\/p>\n\n\n\n<p>La presidenta electa tambi\u00e9n recibi\u00f3 en sus oficinas al pr\u00f3ximo secretario de Seguridad y Protecci\u00f3n Ciudadana, Omar Garc\u00eda Harfuch.<br><\/p>\n\n\n\n<p>En d\u00edas pasados Sheinbaum tambi\u00e9n hab\u00eda recibido en Palacio Nacional a integrantes la empresa danesa Helax, que desarrolla un proyecto de licuefacci\u00f3n de hidr\u00f3geno en el Istmo de Tehuantepec.<br><\/p>\n\n\n\n<p>Explic\u00f3 que Helax desarrolla un proyecto de \u201chidr\u00f3geno verde\u201d, con una inversi\u00f3n de 10 mil millones en el Istmo de Tehuantepec, zona que est\u00e1 coordinada con la Secretar\u00eda de Marina.<\/p>\n","protected":false},"excerpt":{"rendered":"<p>Los recibi\u00f3 en sus oficinas para llevar a cabo pl\u00e1ticas sobre las inversiones en M\u00e9xico. La presidenta electa, Claudia Sheinbaum, recibi\u00f3 en sus oficinas a directivos de la empresa cervecera que traslad\u00f3 de Mexicali a Veracruz su inversi\u00f3n para construir una planta. Mencion\u00f3 en sus redes sociales que se reuni\u00f3 con los directivos de la [&hellip;]<\/p>\n","protected":false},"author":1,"featured_media":65203,"comment_status":"closed","ping_status":"closed","sticky":false,"template":"","format":"standard","meta":{"footnotes":""},"categories":[34],"tags":[],"class_list":["post-65202","post","type-post","status-publish","format-standard","has-post-thumbnail","hentry","category-nacional"],"_links":{"self":[{"href":"https:\/\/elinformante.mx\/index.php?rest_route=\/wp\/v2\/posts\/65202","targetHints":{"allow":["GET"]}}],"collection":[{"href":"https:\/\/elinformante.mx\/index.php?rest_route=\/wp\/v2\/posts"}],"about":[{"href":"https:\/\/elinformante.mx\/index.php?rest_route=\/wp\/v2\/types\/post"}],"author":[{"embeddable":true,"href":"https:\/\/elinformante.mx\/index.php?rest_route=\/wp\/v2\/users\/1"}],"replies":[{"embeddable":true,"href":"https:\/\/elinformante.mx\/index.php?rest_route=%2Fwp%2Fv2%2Fcomments&post=65202"}],"version-history":[{"count":0,"href":"https:\/\/elinformante.mx\/index.php?rest_route=\/wp\/v2\/posts\/65202\/revisions"}],"wp:featuredmedia":[{"embeddable":true,"href":"https:\/\/elinformante.mx\/index.php?rest_route=\/wp\/v2\/media\/65203"}],"wp:attachment":[{"href":"https:\/\/elinformante.mx\/index.php?rest_route=%2Fwp%2Fv2%2Fmedia&parent=65202"}],"wp:term":[{"taxonomy":"category","embeddable":true,"href":"https:\/\/elinformante.mx\/index.php?rest_route=%2Fwp%2Fv2%2Fcategories&post=65202"},{"taxonomy":"post_tag","embeddable":true,"href":"https:\/\/elinformante.mx\/index.php?rest_route=%2Fwp%2Fv2%2Ftags&post=65202"}],"curies":[{"name":"wp","href":"https:\/\/api.w.org\/{rel}","templated":true}]}}