{"id":65226,"date":"2024-09-27T16:41:33","date_gmt":"2024-09-27T22:41:33","guid":{"rendered":"https:\/\/elinformante.mx\/?p=65226"},"modified":"2024-09-27T16:41:34","modified_gmt":"2024-09-27T22:41:34","slug":"amlo-confirma-cinco-muertos-por-huracan-john","status":"publish","type":"post","link":"https:\/\/elinformante.mx\/?p=65226","title":{"rendered":"AMLO CONFIRMA CINCO MUERTOS POR HURAC\u00c1N \u201cJOHN\u201d"},"content":{"rendered":"\n<p>En la ma\u00f1anera de hoy, el mandatario de M\u00e9xico, Andr\u00e9s Manuel L\u00f3pez Obrador, inform\u00f3 que el paso del hurac\u00e1n John ha dejado un saldo de cinco personas muertas, cuatro de ellas en la Monta\u00f1a de Guerrero y uno en Acapulco.\u00a0<\/p>\n\n\n\n<p>El dirigente mexicano, coment\u00f3 \u201cEstamos muy pendientes de lo que est\u00e1 sucediendo en Guerrero, en la costa, tanto en la Costa Chica, en Acapulco, que es la zona m\u00e1s afectada por las lluvias y tambi\u00e9n en la Costa Grande\u201d.\u00a0<br><\/p>\n","protected":false},"excerpt":{"rendered":"<p>En la ma\u00f1anera de hoy, el mandatario de M\u00e9xico, Andr\u00e9s Manuel L\u00f3pez Obrador, inform\u00f3 que el paso del hurac\u00e1n John ha dejado un saldo de cinco personas muertas, cuatro de ellas en la Monta\u00f1a de Guerrero y uno en Acapulco.\u00a0 El dirigente mexicano, coment\u00f3 \u201cEstamos muy pendientes de lo que est\u00e1 sucediendo en Guerrero, en [&hellip;]<\/p>\n","protected":false},"author":2,"featured_media":65227,"comment_status":"closed","ping_status":"closed","sticky":false,"template":"","format":"standard","meta":{"footnotes":""},"categories":[34],"tags":[],"class_list":["post-65226","post","type-post","status-publish","format-standard","has-post-thumbnail","hentry","category-nacional"],"_links":{"self":[{"href":"https:\/\/elinformante.mx\/index.php?rest_route=\/wp\/v2\/posts\/65226","targetHints":{"allow":["GET"]}}],"collection":[{"href":"https:\/\/elinformante.mx\/index.php?rest_route=\/wp\/v2\/posts"}],"about":[{"href":"https:\/\/elinformante.mx\/index.php?rest_route=\/wp\/v2\/types\/post"}],"author":[{"embeddable":true,"href":"https:\/\/elinformante.mx\/index.php?rest_route=\/wp\/v2\/users\/2"}],"replies":[{"embeddable":true,"href":"https:\/\/elinformante.mx\/index.php?rest_route=%2Fwp%2Fv2%2Fcomments&post=65226"}],"version-history":[{"count":0,"href":"https:\/\/elinformante.mx\/index.php?rest_route=\/wp\/v2\/posts\/65226\/revisions"}],"wp:featuredmedia":[{"embeddable":true,"href":"https:\/\/elinformante.mx\/index.php?rest_route=\/wp\/v2\/media\/65227"}],"wp:attachment":[{"href":"https:\/\/elinformante.mx\/index.php?rest_route=%2Fwp%2Fv2%2Fmedia&parent=65226"}],"wp:term":[{"taxonomy":"category","embeddable":true,"href":"https:\/\/elinformante.mx\/index.php?rest_route=%2Fwp%2Fv2%2Fcategories&post=65226"},{"taxonomy":"post_tag","embeddable":true,"href":"https:\/\/elinformante.mx\/index.php?rest_route=%2Fwp%2Fv2%2Ftags&post=65226"}],"curies":[{"name":"wp","href":"https:\/\/api.w.org\/{rel}","templated":true}]}}