{"id":65236,"date":"2024-09-27T16:46:33","date_gmt":"2024-09-27T22:46:33","guid":{"rendered":"https:\/\/elinformante.mx\/?p=65236"},"modified":"2024-09-27T16:46:34","modified_gmt":"2024-09-27T22:46:34","slug":"tiran-volantes-dirigidos-a-los-chapitos-en-culiacan","status":"publish","type":"post","link":"https:\/\/elinformante.mx\/?p=65236","title":{"rendered":"TIRAN VOLANTES DIRIGIDOS A \u201cLOS CHAPITOS\u201d EN CULIAC\u00c1N"},"content":{"rendered":"\n<p>En Culiac\u00e1n, Sinaloa, este d\u00eda, se report\u00f3 que una avioneta lanz\u00f3 volantes acusando a \u201cLos Chapitos\u201d sobre algunos delitos, adem\u00e1s, tambi\u00e9n aparecieron otros funcionarios.\u00a0<\/p>\n","protected":false},"excerpt":{"rendered":"<p>En Culiac\u00e1n, Sinaloa, este d\u00eda, se report\u00f3 que una avioneta lanz\u00f3 volantes acusando a \u201cLos Chapitos\u201d sobre algunos delitos, adem\u00e1s, tambi\u00e9n aparecieron otros funcionarios.\u00a0<\/p>\n","protected":false},"author":2,"featured_media":65237,"comment_status":"closed","ping_status":"closed","sticky":false,"template":"","format":"standard","meta":{"footnotes":""},"categories":[34],"tags":[],"class_list":["post-65236","post","type-post","status-publish","format-standard","has-post-thumbnail","hentry","category-nacional"],"_links":{"self":[{"href":"https:\/\/elinformante.mx\/index.php?rest_route=\/wp\/v2\/posts\/65236","targetHints":{"allow":["GET"]}}],"collection":[{"href":"https:\/\/elinformante.mx\/index.php?rest_route=\/wp\/v2\/posts"}],"about":[{"href":"https:\/\/elinformante.mx\/index.php?rest_route=\/wp\/v2\/types\/post"}],"author":[{"embeddable":true,"href":"https:\/\/elinformante.mx\/index.php?rest_route=\/wp\/v2\/users\/2"}],"replies":[{"embeddable":true,"href":"https:\/\/elinformante.mx\/index.php?rest_route=%2Fwp%2Fv2%2Fcomments&post=65236"}],"version-history":[{"count":0,"href":"https:\/\/elinformante.mx\/index.php?rest_route=\/wp\/v2\/posts\/65236\/revisions"}],"wp:featuredmedia":[{"embeddable":true,"href":"https:\/\/elinformante.mx\/index.php?rest_route=\/wp\/v2\/media\/65237"}],"wp:attachment":[{"href":"https:\/\/elinformante.mx\/index.php?rest_route=%2Fwp%2Fv2%2Fmedia&parent=65236"}],"wp:term":[{"taxonomy":"category","embeddable":true,"href":"https:\/\/elinformante.mx\/index.php?rest_route=%2Fwp%2Fv2%2Fcategories&post=65236"},{"taxonomy":"post_tag","embeddable":true,"href":"https:\/\/elinformante.mx\/index.php?rest_route=%2Fwp%2Fv2%2Ftags&post=65236"}],"curies":[{"name":"wp","href":"https:\/\/api.w.org\/{rel}","templated":true}]}}