{"id":65528,"date":"2024-10-03T05:53:29","date_gmt":"2024-10-03T11:53:29","guid":{"rendered":"https:\/\/elinformante.mx\/?p=65528"},"modified":"2024-10-03T05:53:30","modified_gmt":"2024-10-03T11:53:30","slug":"acusado-de-asesinar-a-una-mujer-en-chimalhuacan-es-vinculado-a-proceso","status":"publish","type":"post","link":"https:\/\/elinformante.mx\/?p=65528","title":{"rendered":"Acusado de asesinar a una mujer en Chimalhuac\u00e1n es vinculado a proceso"},"content":{"rendered":"\n<blockquote class=\"wp-block-quote is-layout-flow wp-block-quote-is-layout-flow\">\n<p>El il\u00edcito lo habr\u00eda perpetrado el pasado 18 de septiembre, en la colonia Rancho Las Nieves, en el municipio de Chimalhuac\u00e1n.<\/p>\n<\/blockquote>\n\n\n\n<p>Un individuo identificado como C\u00e9sar \u00c1ngel \u201cN\u201d, fue vinculado a proceso, luego de que la FGJEM acredit\u00f3 su probable participaci\u00f3n en el delito de homicidio calificado en agravio de una mujer.<br><\/p>\n\n\n\n<p>Los actos de investigaci\u00f3n iniciados por esta Representaci\u00f3n Social permitieron aportar las pruebas necesarias para que la Autoridad Judicial iniciara proceso legal contra C\u00e9sar \u00c1ngel \u201cN\u201d, por hechos registrados el pasado 18 de septiembre, en la avenida Emiliano Zapata, colonia Rancho Las Nieves, en el municipio de Chimalhuac\u00e1n.<br><\/p>\n\n\n\n<p>De acuerdo a la investigaci\u00f3n, la v\u00edctima, de 53 a\u00f1os de edad, se encontraba al interior de un establecimiento ubicado en la vialidad referida, en tanto que uno de sus familiares se encontraba al exterior, a bordo de un veh\u00edculo. En ese momento arribaron al lugar cuatro individuos, entre ellos el ahora detenido identificado como C\u00e9sar \u00c1ngel \u201cN\u201d, quienes habr\u00edan intentado despojar de sus pertenencias a esa persona.<br><\/p>\n\n\n\n<p>La mujer al percatarse de los hechos comenz\u00f3 a solicitar auxilio, no obstante, el ahora detenido habr\u00eda detonado en su contra un arma de fuego que portaba, caus\u00e1ndole la muerte.<br><\/p>\n\n\n\n<p>Tras iniciar las investigaciones correspondientes se pudo identificar a C\u00e9sar \u00c1ngel \u201cN\u201d como posible implicado en este homicidio, por lo que solicit\u00f3 y obtuvo de la Autoridad Judicial una orden de aprehensi\u00f3n en su contra; se inici\u00f3 el proceso legal en su contra, con plazo de tres meses de investigaci\u00f3n complementaria y medida cautelar de prisi\u00f3n preventiva justificada.<\/p>\n","protected":false},"excerpt":{"rendered":"<p>El il\u00edcito lo habr\u00eda perpetrado el pasado 18 de septiembre, en la colonia Rancho Las Nieves, en el municipio de Chimalhuac\u00e1n. Un individuo identificado como C\u00e9sar \u00c1ngel \u201cN\u201d, fue vinculado a proceso, luego de que la FGJEM acredit\u00f3 su probable participaci\u00f3n en el delito de homicidio calificado en agravio de una mujer. Los actos de [&hellip;]<\/p>\n","protected":false},"author":1,"featured_media":65529,"comment_status":"closed","ping_status":"closed","sticky":false,"template":"","format":"standard","meta":{"footnotes":""},"categories":[36,37],"tags":[],"class_list":["post-65528","post","type-post","status-publish","format-standard","has-post-thumbnail","hentry","category-edomex","category-justicia"],"_links":{"self":[{"href":"https:\/\/elinformante.mx\/index.php?rest_route=\/wp\/v2\/posts\/65528","targetHints":{"allow":["GET"]}}],"collection":[{"href":"https:\/\/elinformante.mx\/index.php?rest_route=\/wp\/v2\/posts"}],"about":[{"href":"https:\/\/elinformante.mx\/index.php?rest_route=\/wp\/v2\/types\/post"}],"author":[{"embeddable":true,"href":"https:\/\/elinformante.mx\/index.php?rest_route=\/wp\/v2\/users\/1"}],"replies":[{"embeddable":true,"href":"https:\/\/elinformante.mx\/index.php?rest_route=%2Fwp%2Fv2%2Fcomments&post=65528"}],"version-history":[{"count":0,"href":"https:\/\/elinformante.mx\/index.php?rest_route=\/wp\/v2\/posts\/65528\/revisions"}],"wp:featuredmedia":[{"embeddable":true,"href":"https:\/\/elinformante.mx\/index.php?rest_route=\/wp\/v2\/media\/65529"}],"wp:attachment":[{"href":"https:\/\/elinformante.mx\/index.php?rest_route=%2Fwp%2Fv2%2Fmedia&parent=65528"}],"wp:term":[{"taxonomy":"category","embeddable":true,"href":"https:\/\/elinformante.mx\/index.php?rest_route=%2Fwp%2Fv2%2Fcategories&post=65528"},{"taxonomy":"post_tag","embeddable":true,"href":"https:\/\/elinformante.mx\/index.php?rest_route=%2Fwp%2Fv2%2Ftags&post=65528"}],"curies":[{"name":"wp","href":"https:\/\/api.w.org\/{rel}","templated":true}]}}