{"id":65534,"date":"2024-10-03T05:55:49","date_gmt":"2024-10-03T11:55:49","guid":{"rendered":"https:\/\/elinformante.mx\/?p=65534"},"modified":"2024-10-03T05:55:50","modified_gmt":"2024-10-03T11:55:50","slug":"detienen-a-sujeto-acusado-de-violencia-de-genero","status":"publish","type":"post","link":"https:\/\/elinformante.mx\/?p=65534","title":{"rendered":"Detienen a sujeto acusado de violencia de g\u00e9nero"},"content":{"rendered":"\n<blockquote class=\"wp-block-quote is-layout-flow wp-block-quote-is-layout-flow\">\n<p>El detenido al parecer agredi\u00f3 verbalmente a la v\u00edctima y la amenaz\u00f3 con un arma de fuego.<\/p>\n<\/blockquote>\n\n\n\n<p>Elementos de la Secretar\u00eda de Seguridad del Edom\u00e9x (SSEM) detuvieron a un sujeto posible responsable del il\u00edcito de violencia de g\u00e9nero.<br><\/p>\n\n\n\n<p>Polic\u00edas de G\u00e9nero de la SSEM, atendieron el reporte de violencia en contra de una mujer, en calles de Chalco, al llegar los oficiales la parte afectada les dio cuenta que un individuo la violent\u00f3 verbalmente y amenaz\u00f3 con un arma de fuego. De inmediato, la resguardaron y atendieron.<br><\/p>\n\n\n\n<p>En el lugar aprehendieron a Juan \u201cN\u201d de 34 a\u00f1os de edad, a quien le decomisaron una pistola. El detenido tras conocer los derechos que la ley consagra a su favor fue presentado al Centro de Justicia para las Mujeres en el municipio de Amecameca, donde se definir\u00e1 su situaci\u00f3n jur\u00eddica.<\/p>\n","protected":false},"excerpt":{"rendered":"<p>El detenido al parecer agredi\u00f3 verbalmente a la v\u00edctima y la amenaz\u00f3 con un arma de fuego. Elementos de la Secretar\u00eda de Seguridad del Edom\u00e9x (SSEM) detuvieron a un sujeto posible responsable del il\u00edcito de violencia de g\u00e9nero. Polic\u00edas de G\u00e9nero de la SSEM, atendieron el reporte de violencia en contra de una mujer, en [&hellip;]<\/p>\n","protected":false},"author":1,"featured_media":65535,"comment_status":"closed","ping_status":"closed","sticky":false,"template":"","format":"standard","meta":{"footnotes":""},"categories":[36,37],"tags":[],"class_list":["post-65534","post","type-post","status-publish","format-standard","has-post-thumbnail","hentry","category-edomex","category-justicia"],"_links":{"self":[{"href":"https:\/\/elinformante.mx\/index.php?rest_route=\/wp\/v2\/posts\/65534","targetHints":{"allow":["GET"]}}],"collection":[{"href":"https:\/\/elinformante.mx\/index.php?rest_route=\/wp\/v2\/posts"}],"about":[{"href":"https:\/\/elinformante.mx\/index.php?rest_route=\/wp\/v2\/types\/post"}],"author":[{"embeddable":true,"href":"https:\/\/elinformante.mx\/index.php?rest_route=\/wp\/v2\/users\/1"}],"replies":[{"embeddable":true,"href":"https:\/\/elinformante.mx\/index.php?rest_route=%2Fwp%2Fv2%2Fcomments&post=65534"}],"version-history":[{"count":0,"href":"https:\/\/elinformante.mx\/index.php?rest_route=\/wp\/v2\/posts\/65534\/revisions"}],"wp:featuredmedia":[{"embeddable":true,"href":"https:\/\/elinformante.mx\/index.php?rest_route=\/wp\/v2\/media\/65535"}],"wp:attachment":[{"href":"https:\/\/elinformante.mx\/index.php?rest_route=%2Fwp%2Fv2%2Fmedia&parent=65534"}],"wp:term":[{"taxonomy":"category","embeddable":true,"href":"https:\/\/elinformante.mx\/index.php?rest_route=%2Fwp%2Fv2%2Fcategories&post=65534"},{"taxonomy":"post_tag","embeddable":true,"href":"https:\/\/elinformante.mx\/index.php?rest_route=%2Fwp%2Fv2%2Ftags&post=65534"}],"curies":[{"name":"wp","href":"https:\/\/api.w.org\/{rel}","templated":true}]}}