{"id":65537,"date":"2024-10-03T05:57:33","date_gmt":"2024-10-03T11:57:33","guid":{"rendered":"https:\/\/elinformante.mx\/?p=65537"},"modified":"2024-10-03T05:57:35","modified_gmt":"2024-10-03T11:57:35","slug":"dos-personas-son-arrestadas-al-ser-acusadas-de-feminicidio","status":"publish","type":"post","link":"https:\/\/elinformante.mx\/?p=65537","title":{"rendered":"Dos personas son arrestadas al ser acusadas de feminicidio"},"content":{"rendered":"\n<blockquote class=\"wp-block-quote is-layout-flow wp-block-quote-is-layout-flow\">\n<p>Los detenidos, en complicidad con otros individuos, habr\u00edan agredido f\u00edsicamente y estrangulado a la v\u00edctima el pasado 18 de septiembre.<\/p>\n<\/blockquote>\n\n\n\n<p>En acci\u00f3n conjunta, agentes de la FGJEM, as\u00ed como elementos de la SEMAR, SSPC, a trav\u00e9s de la CONAHO, la SSEM y de la Direcci\u00f3n de Seguridad P\u00fablica de Atizap\u00e1n, aprehendieron a Juan Jos\u00e9 \u201cN\u201d y Alexandra Vanessa \u201cN\u201d, se\u00f1alados por su probable intervenci\u00f3n en el delito de feminicidio.<br><\/p>\n\n\n\n<p>Ambas personas son indagadas por el fallecimiento de una joven de 24 a\u00f1os, il\u00edcito cometido el pasado 18 de septiembre en la colonia Las Pe\u00f1itas, en esta demarcaci\u00f3n.<br><\/p>\n\n\n\n<p>Se determin\u00f3 que ese d\u00eda, la v\u00edctima se encontraba en compa\u00f1\u00eda de los ahora detenidos y otros individuos, pero en alg\u00fan momento dichas personas la habr\u00edan agredido f\u00edsicamente y estrangulado.<br><\/p>\n\n\n\n<p>Para deshacerse del cuerpo, los probables implicados presumiblemente lo colocaron dentro de una maleta y lo trasladaron a bordo de un veh\u00edculo a la calle Javier Mina, en la colonia 5 de Mayo, donde lo abandonaron.<br><\/p>\n\n\n\n<p>Tras hallar el cuerpo fue iniciada una indagatoria por el delito de feminicidio, adem\u00e1s se realizaron actos de investigaci\u00f3n con los cuales fue posible identificar a Juan Jos\u00e9 \u201cN\u201d y Alexandra Vanessa \u201cN\u201d, como probables implicados en el il\u00edcito, por lo que el Ministerio P\u00fablico solicit\u00f3 a la Autoridad Judicial librar orden de aprehensi\u00f3n en su contra.<br><\/p>\n\n\n\n<p>Despu\u00e9s de ser aprehendidos, fueron ingresados al Centro Penitenciario y de Reinserci\u00f3n Social de Tlalnepantla, a disposici\u00f3n de un Juez, quien determinar\u00e1 su situaci\u00f3n jur\u00eddica.<\/p>\n","protected":false},"excerpt":{"rendered":"<p>Los detenidos, en complicidad con otros individuos, habr\u00edan agredido f\u00edsicamente y estrangulado a la v\u00edctima el pasado 18 de septiembre. En acci\u00f3n conjunta, agentes de la FGJEM, as\u00ed como elementos de la SEMAR, SSPC, a trav\u00e9s de la CONAHO, la SSEM y de la Direcci\u00f3n de Seguridad P\u00fablica de Atizap\u00e1n, aprehendieron a Juan Jos\u00e9 \u201cN\u201d [&hellip;]<\/p>\n","protected":false},"author":1,"featured_media":65538,"comment_status":"closed","ping_status":"closed","sticky":false,"template":"","format":"standard","meta":{"footnotes":""},"categories":[30,36,37],"tags":[],"class_list":["post-65537","post","type-post","status-publish","format-standard","has-post-thumbnail","hentry","category-destacado","category-edomex","category-justicia"],"_links":{"self":[{"href":"https:\/\/elinformante.mx\/index.php?rest_route=\/wp\/v2\/posts\/65537","targetHints":{"allow":["GET"]}}],"collection":[{"href":"https:\/\/elinformante.mx\/index.php?rest_route=\/wp\/v2\/posts"}],"about":[{"href":"https:\/\/elinformante.mx\/index.php?rest_route=\/wp\/v2\/types\/post"}],"author":[{"embeddable":true,"href":"https:\/\/elinformante.mx\/index.php?rest_route=\/wp\/v2\/users\/1"}],"replies":[{"embeddable":true,"href":"https:\/\/elinformante.mx\/index.php?rest_route=%2Fwp%2Fv2%2Fcomments&post=65537"}],"version-history":[{"count":0,"href":"https:\/\/elinformante.mx\/index.php?rest_route=\/wp\/v2\/posts\/65537\/revisions"}],"wp:featuredmedia":[{"embeddable":true,"href":"https:\/\/elinformante.mx\/index.php?rest_route=\/wp\/v2\/media\/65538"}],"wp:attachment":[{"href":"https:\/\/elinformante.mx\/index.php?rest_route=%2Fwp%2Fv2%2Fmedia&parent=65537"}],"wp:term":[{"taxonomy":"category","embeddable":true,"href":"https:\/\/elinformante.mx\/index.php?rest_route=%2Fwp%2Fv2%2Fcategories&post=65537"},{"taxonomy":"post_tag","embeddable":true,"href":"https:\/\/elinformante.mx\/index.php?rest_route=%2Fwp%2Fv2%2Ftags&post=65537"}],"curies":[{"name":"wp","href":"https:\/\/api.w.org\/{rel}","templated":true}]}}