{"id":65551,"date":"2024-10-03T06:12:49","date_gmt":"2024-10-03T12:12:49","guid":{"rendered":"https:\/\/elinformante.mx\/?p=65551"},"modified":"2024-10-03T06:12:51","modified_gmt":"2024-10-03T12:12:51","slug":"coloca-miguel-angel-ramirez-la-primera-piedra-de-una-alberca-semiolimpica-en-lerma","status":"publish","type":"post","link":"https:\/\/elinformante.mx\/?p=65551","title":{"rendered":"Coloca Miguel \u00c1ngel Ram\u00edrez la primera piedra de una alberca semiol\u00edmpica en Lerma"},"content":{"rendered":"\n<blockquote class=\"wp-block-quote is-layout-flow wp-block-quote-is-layout-flow\">\n<p>Este proyecto se integra a las obras que buscan impulsar la infraestructura deportiva en el municipio.<\/p>\n<\/blockquote>\n\n\n\n<p>El presidente municipal de Lerma, Miguel \u00c1ngel Ram\u00edrez Ponce, coloc\u00f3 la primera piedra de una nueva alberca semiol\u00edmpica en la regi\u00f3n VII Xochi-Peralta-Analco, durante una visita a la comunidad de San Francisco Xochicuautla. Este proyecto se integra a las obras que buscan impulsar la infraestructura deportiva en el municipio.<br><\/p>\n\n\n\n<p>En el mismo recorrido, el alcalde entreg\u00f3 oficialmente las calles Juan de la Barrera, Ciruelos y Altamirano, con m\u00e1s de 1,500 metros cuadrados de concreto hidr\u00e1ulico, mejorando as\u00ed la conectividad y el acceso en la zona.<br><\/p>\n\n\n\n<figure class=\"wp-block-image size-large\"><img fetchpriority=\"high\" decoding=\"async\" width=\"1024\" height=\"503\" src=\"https:\/\/elinformante.mx\/wp-content\/uploads\/2024\/10\/11lerma-2-1024x503.jpg\" alt=\"\" class=\"wp-image-65553\" srcset=\"https:\/\/elinformante.mx\/wp-content\/uploads\/2024\/10\/11lerma-2-1024x503.jpg 1024w, https:\/\/elinformante.mx\/wp-content\/uploads\/2024\/10\/11lerma-2-300x147.jpg 300w, https:\/\/elinformante.mx\/wp-content\/uploads\/2024\/10\/11lerma-2-768x377.jpg 768w, https:\/\/elinformante.mx\/wp-content\/uploads\/2024\/10\/11lerma-2-580x285.jpg 580w, https:\/\/elinformante.mx\/wp-content\/uploads\/2024\/10\/11lerma-2-860x422.jpg 860w, https:\/\/elinformante.mx\/wp-content\/uploads\/2024\/10\/11lerma-2.jpg 1140w\" sizes=\"(max-width: 1024px) 100vw, 1024px\" \/><\/figure>\n\n\n\n<p>Acompa\u00f1ado de su esposa, Marisol Mote Mart\u00ednez, presidenta del DIF Lerma, Ram\u00edrez Ponce subray\u00f3 la relevancia de esta sexta alberca regional en construcci\u00f3n, destinada a beneficiar a ni\u00f1os, j\u00f3venes y adultos de las comunidades de Xochi-Peralta-Analco y alrededores. \u201cLa nataci\u00f3n fomenta nuevas habilidades f\u00edsicas y deportivas, dentro de un ambiente que promueve valores como la disciplina, limpieza y responsabilidad\u201d, afirm\u00f3.<br><\/p>\n\n\n\n<p>El proyecto de esta alberca se suma a las construcciones en San Miguel Ameyalco y Zacampulpa Huitzizilapan, que actualmente tienen un avance superior al 70%. Adem\u00e1s, se integran a las albercas de Lerma, Atarasquillo y Tlalmimilolpan, que ya est\u00e1n en operaci\u00f3n y cuentan con una matr\u00edcula de 1,600 usuarios. \u201cNuestra meta es que cada regi\u00f3n de Lerma tenga su propia alberca semiol\u00edmpica\u201d, a\u00f1adi\u00f3 el alcalde.<br><\/p>\n\n\n\n<p>Por su parte, las autoridades auxiliares reconocieron el esfuerzo conjunto entre el gobierno municipal, las autoridades locales y la ciudadan\u00eda para hacer realidad estas obras, destacando la importancia de la buena coordinaci\u00f3n.<\/p>\n","protected":false},"excerpt":{"rendered":"<p>Este proyecto se integra a las obras que buscan impulsar la infraestructura deportiva en el municipio. El presidente municipal de Lerma, Miguel \u00c1ngel Ram\u00edrez Ponce, coloc\u00f3 la primera piedra de una nueva alberca semiol\u00edmpica en la regi\u00f3n VII Xochi-Peralta-Analco, durante una visita a la comunidad de San Francisco Xochicuautla. Este proyecto se integra a las [&hellip;]<\/p>\n","protected":false},"author":1,"featured_media":65552,"comment_status":"closed","ping_status":"closed","sticky":false,"template":"","format":"standard","meta":{"footnotes":""},"categories":[30,36],"tags":[],"class_list":["post-65551","post","type-post","status-publish","format-standard","has-post-thumbnail","hentry","category-destacado","category-edomex"],"_links":{"self":[{"href":"https:\/\/elinformante.mx\/index.php?rest_route=\/wp\/v2\/posts\/65551","targetHints":{"allow":["GET"]}}],"collection":[{"href":"https:\/\/elinformante.mx\/index.php?rest_route=\/wp\/v2\/posts"}],"about":[{"href":"https:\/\/elinformante.mx\/index.php?rest_route=\/wp\/v2\/types\/post"}],"author":[{"embeddable":true,"href":"https:\/\/elinformante.mx\/index.php?rest_route=\/wp\/v2\/users\/1"}],"replies":[{"embeddable":true,"href":"https:\/\/elinformante.mx\/index.php?rest_route=%2Fwp%2Fv2%2Fcomments&post=65551"}],"version-history":[{"count":0,"href":"https:\/\/elinformante.mx\/index.php?rest_route=\/wp\/v2\/posts\/65551\/revisions"}],"wp:featuredmedia":[{"embeddable":true,"href":"https:\/\/elinformante.mx\/index.php?rest_route=\/wp\/v2\/media\/65552"}],"wp:attachment":[{"href":"https:\/\/elinformante.mx\/index.php?rest_route=%2Fwp%2Fv2%2Fmedia&parent=65551"}],"wp:term":[{"taxonomy":"category","embeddable":true,"href":"https:\/\/elinformante.mx\/index.php?rest_route=%2Fwp%2Fv2%2Fcategories&post=65551"},{"taxonomy":"post_tag","embeddable":true,"href":"https:\/\/elinformante.mx\/index.php?rest_route=%2Fwp%2Fv2%2Ftags&post=65551"}],"curies":[{"name":"wp","href":"https:\/\/api.w.org\/{rel}","templated":true}]}}