{"id":65555,"date":"2024-10-03T06:14:39","date_gmt":"2024-10-03T12:14:39","guid":{"rendered":"https:\/\/elinformante.mx\/?p=65555"},"modified":"2024-10-03T06:14:40","modified_gmt":"2024-10-03T12:14:40","slug":"reconocen-aportacion-del-docente-luis-fernando-vivero-dominguez-a-la-investigacion-del-patrimonio-historico-de-mexico","status":"publish","type":"post","link":"https:\/\/elinformante.mx\/?p=65555","title":{"rendered":"Reconocen aportaci\u00f3n del docente Luis Fernando Vivero Dom\u00ednguez a la investigaci\u00f3n del patrimonio hist\u00f3rico de M\u00e9xico"},"content":{"rendered":"\n<blockquote class=\"wp-block-quote is-layout-flow wp-block-quote-is-layout-flow\">\n<p>Su tesis de maestr\u00eda \u201cHombres de Iglesia y hombres del mundo: poblaci\u00f3n y disciplina eclesi\u00e1stica del clero secular del arzobispado de M\u00e9xico, 1764 &#8211; 1810\u201d gan\u00f3 el Premio Nacional Francisco Javier Clavijero en Historia y Etnohistoria del Instituto Nacional de Antropolog\u00eda e Historia (INAH) en su edici\u00f3n 2024.<\/p>\n<\/blockquote>\n\n\n\n<p>Motivado por la inquietud de comprender el pasado y unir a la sociedad fomentando la comprensi\u00f3n social a trav\u00e9s del estudio de la historia, Luis Fernando Vivero Dom\u00ednguez, docente de la Facultad de Humanidades de la UAEM\u00e9x, gan\u00f3 el Premio Nacional Francisco Javier Clavijero en Historia y Etnohistoria del Instituto Nacional de Antropolog\u00eda e Historia (INAH) en su edici\u00f3n 2024 a la Mejor Tesis de Maestr\u00eda.<br><\/p>\n\n\n\n<p>A trav\u00e9s de su tesis de maestr\u00eda \u201cHombres de Iglesia y hombres del mundo: poblaci\u00f3n y disciplina eclesi\u00e1stica del clero secular del arzobispado de M\u00e9xico, 1764 &#8211; 1810\u201d contribuye al objetivo del Premio Nacional Francisco Javier Clavijero en Historia y Etnohistoria, el cual es aportar a la investigaci\u00f3n, difusi\u00f3n y conservaci\u00f3n del patrimonio y la diversidad cultural de M\u00e9xico.<br><\/p>\n\n\n\n<p>El objetivo del acad\u00e9mico fue que el conocimiento sobre la historia eclesi\u00e1stica genere inter\u00e9s sobre la cultura religiosa y c\u00f3mo esta ha permeado aspectos de la vida cotidiana y de la ideolog\u00eda de la sociedad latinoamericana.<br><\/p>\n\n\n\n<p>A trav\u00e9s de la investigaci\u00f3n de Vivero Dom\u00ednguez se analizaron las cr\u00edticas hacia el exceso de sacerdotes no sujetos a votos religiosos, adem\u00e1s, explic\u00f3 las problem\u00e1ticas que estos tuvieron para formarse a trav\u00e9s de la disciplina eclesi\u00e1stica, la cual ayuda a la iglesia a mantenerse fiel a su misi\u00f3n y a los miembros a parecerse m\u00e1s a Jesucristo.<br><\/p>\n\n\n\n<p>Durante la elaboraci\u00f3n de su tesis, el acad\u00e9mico se enfrent\u00f3 a los desaf\u00edos derivados de la pandemia causada por el virus SARS-CoV2, los cuales afectaron las formas tradicionales de acceder a archivos f\u00edsicos y bibliotecas, complicando la investigaci\u00f3n de fuentes primarias, elemento esencial para los estudios hist\u00f3ricos.<br><\/p>\n\n\n\n<p>No obstante esto tambi\u00e9n fue una oportunidad para adoptar herramientas digitales y m\u00e9todos innovadores de b\u00fasqueda de informaci\u00f3n, demostrando que la investigaci\u00f3n puede prosperar incluso en tiempos de crisis.<br><\/p>\n\n\n\n<p>Adem\u00e1s, resalt\u00f3 la importancia de incentivar una sociedad dispuesta a avanzar en el uso de tecnolog\u00edas y estrategias colaborativas para la generaci\u00f3n de conocimiento, evidenciando que el inter\u00e9s por el pasado puede inspirar a las futuras generaciones a construir un futuro m\u00e1s resiliente y conectado.<br><\/p>\n\n\n\n<p>En su labor como docente de la UAEM\u00e9x, espera que, as\u00ed como \u00e9l ha sido inspirado por los suyos, el estudiantado de las humanidades y ciencias sociales profundicen, de manera responsable y constante, en la investigaci\u00f3n y aportaci\u00f3n de la historia para que den fruto al conocimiento de futuras generaciones.<\/p>\n","protected":false},"excerpt":{"rendered":"<p>Su tesis de maestr\u00eda \u201cHombres de Iglesia y hombres del mundo: poblaci\u00f3n y disciplina eclesi\u00e1stica del clero secular del arzobispado de M\u00e9xico, 1764 &#8211; 1810\u201d gan\u00f3 el Premio Nacional Francisco Javier Clavijero en Historia y Etnohistoria del Instituto Nacional de Antropolog\u00eda e Historia (INAH) en su edici\u00f3n 2024. Motivado por la inquietud de comprender el [&hellip;]<\/p>\n","protected":false},"author":1,"featured_media":65556,"comment_status":"closed","ping_status":"closed","sticky":false,"template":"","format":"standard","meta":{"footnotes":""},"categories":[36],"tags":[],"class_list":["post-65555","post","type-post","status-publish","format-standard","has-post-thumbnail","hentry","category-edomex"],"_links":{"self":[{"href":"https:\/\/elinformante.mx\/index.php?rest_route=\/wp\/v2\/posts\/65555","targetHints":{"allow":["GET"]}}],"collection":[{"href":"https:\/\/elinformante.mx\/index.php?rest_route=\/wp\/v2\/posts"}],"about":[{"href":"https:\/\/elinformante.mx\/index.php?rest_route=\/wp\/v2\/types\/post"}],"author":[{"embeddable":true,"href":"https:\/\/elinformante.mx\/index.php?rest_route=\/wp\/v2\/users\/1"}],"replies":[{"embeddable":true,"href":"https:\/\/elinformante.mx\/index.php?rest_route=%2Fwp%2Fv2%2Fcomments&post=65555"}],"version-history":[{"count":0,"href":"https:\/\/elinformante.mx\/index.php?rest_route=\/wp\/v2\/posts\/65555\/revisions"}],"wp:featuredmedia":[{"embeddable":true,"href":"https:\/\/elinformante.mx\/index.php?rest_route=\/wp\/v2\/media\/65556"}],"wp:attachment":[{"href":"https:\/\/elinformante.mx\/index.php?rest_route=%2Fwp%2Fv2%2Fmedia&parent=65555"}],"wp:term":[{"taxonomy":"category","embeddable":true,"href":"https:\/\/elinformante.mx\/index.php?rest_route=%2Fwp%2Fv2%2Fcategories&post=65555"},{"taxonomy":"post_tag","embeddable":true,"href":"https:\/\/elinformante.mx\/index.php?rest_route=%2Fwp%2Fv2%2Ftags&post=65555"}],"curies":[{"name":"wp","href":"https:\/\/api.w.org\/{rel}","templated":true}]}}