{"id":65568,"date":"2024-10-03T06:41:51","date_gmt":"2024-10-03T12:41:51","guid":{"rendered":"https:\/\/elinformante.mx\/?p=65568"},"modified":"2024-10-03T06:41:52","modified_gmt":"2024-10-03T12:41:52","slug":"la-semov-capacita-a-motociclistas-en-el-edomex","status":"publish","type":"post","link":"https:\/\/elinformante.mx\/?p=65568","title":{"rendered":"La Semov capacita a motociclistas en el Edom\u00e9x"},"content":{"rendered":"\n<blockquote class=\"wp-block-quote is-layout-flow wp-block-quote-is-layout-flow\">\n<p>Se realizan pr\u00e1cticas de adiestramiento de buen manejo, supervisadas por instructores capacitados, para salvaguardar la integridad f\u00edsica de las personas.<\/p>\n<\/blockquote>\n\n\n\n<p>Para impulsar una cultura vial de movilidad donde se privilegie la seguridad y el respeto a los distintos medios de transporte, el Gobierno de la Maestra Delfina G\u00f3mez \u00c1lvarez, por medio de la Secretar\u00eda de Movilidad (Semov), en coordinaci\u00f3n con la Secretar\u00eda de Movilidad de la Ciudad de M\u00e9xico (Semovi), realiz\u00f3 el curso de capacitaci\u00f3n de manejo para motociclistas en las instalaciones de la Facultad de Estudios Superiores (FES) Arag\u00f3n.<br><\/p>\n\n\n\n<p>En el curso participaron 40 mototaxistas y motociclistas, quienes realizaron pr\u00e1cticas de adiestramiento de buen manejo, supervisados por instructores capacitados de la Ciudad de M\u00e9xico; adem\u00e1s de que se les imparti\u00f3 un taller de conocimientos sobre el funcionamiento f\u00edsico-mec\u00e1nico de este tipo de veh\u00edculos.<br><\/p>\n\n\n\n<p>Durante el evento, Candi Ashanti Dom\u00ednguez, Vocal Ejecutiva del Instituto del Transporte del Estado de M\u00e9xico (ITEM), destac\u00f3 que uno de los principales objetivos del curso es salvaguardar la integridad f\u00edsica de las personas, debido a que los accidentes en motocicleta representan la principal causa de muerte de j\u00f3venes de entre 15 a 29 a\u00f1os de edad.<br><\/p>\n\n\n\n<figure class=\"wp-block-image size-large\"><img fetchpriority=\"high\" decoding=\"async\" width=\"1024\" height=\"503\" src=\"https:\/\/elinformante.mx\/wp-content\/uploads\/2024\/10\/8la-semov-2-1024x503.jpg\" alt=\"\" class=\"wp-image-65570\" srcset=\"https:\/\/elinformante.mx\/wp-content\/uploads\/2024\/10\/8la-semov-2-1024x503.jpg 1024w, https:\/\/elinformante.mx\/wp-content\/uploads\/2024\/10\/8la-semov-2-300x147.jpg 300w, https:\/\/elinformante.mx\/wp-content\/uploads\/2024\/10\/8la-semov-2-768x377.jpg 768w, https:\/\/elinformante.mx\/wp-content\/uploads\/2024\/10\/8la-semov-2-580x285.jpg 580w, https:\/\/elinformante.mx\/wp-content\/uploads\/2024\/10\/8la-semov-2-860x422.jpg 860w, https:\/\/elinformante.mx\/wp-content\/uploads\/2024\/10\/8la-semov-2.jpg 1140w\" sizes=\"(max-width: 1024px) 100vw, 1024px\" \/><\/figure>\n\n\n\n<p>Mencion\u00f3 que los factores de riesgo tienen que ver principalmente por la falta de pericia y protecci\u00f3n f\u00edsica; escasa visibilidad y el consumo de alcohol y drogas de los conductores de este tipo de veh\u00edculos.<br><\/p>\n\n\n\n<p>Acompa\u00f1ada de Ram\u00f3n Francisco Reyes de la Semovi de la Ciudad de M\u00e9xico; Ernesto Garc\u00eda Tampa, Director General de Movilidad Zona IV; y de Alejandro Palacios Estrada, Director del Registro de Licencias y Operadores de la Semov; Ashanti Dom\u00ednguez inform\u00f3 que existe una tendencia creciente en la demanda de servicios de mensajer\u00eda a trav\u00e9s de aplicaciones y el principal medio de transporte es la motocicleta, por lo que es el momento de realizar algunos cambios en la estrategia de movilidad e involucrar a los conductores para reducir los hechos de tr\u00e1nsito y mejorar la seguridad vial.<br><\/p>\n\n\n\n<p>Indic\u00f3 que el curso tambi\u00e9n busca brindar las herramientas necesarias para que los usuarios puedan tramitar con mayor facilidad su licencia de conducir de motociclista y garantizar que cuentan con las capacidades necesarias para conducir.<br><\/p>\n\n\n\n<p>Explic\u00f3 que la Ley de Movilidad y Seguridad Vial del Estado de M\u00e9xico y Municipios contempla como requisito obtener una certificaci\u00f3n para tramitar la licencia de motociclista, por lo que ser\u00e1 necesario ampliar los cursos de capacitaci\u00f3n en el Estado de M\u00e9xico.<\/p>\n","protected":false},"excerpt":{"rendered":"<p>Se realizan pr\u00e1cticas de adiestramiento de buen manejo, supervisadas por instructores capacitados, para salvaguardar la integridad f\u00edsica de las personas. Para impulsar una cultura vial de movilidad donde se privilegie la seguridad y el respeto a los distintos medios de transporte, el Gobierno de la Maestra Delfina G\u00f3mez \u00c1lvarez, por medio de la Secretar\u00eda de [&hellip;]<\/p>\n","protected":false},"author":1,"featured_media":65569,"comment_status":"closed","ping_status":"closed","sticky":false,"template":"","format":"standard","meta":{"footnotes":""},"categories":[30,36,31],"tags":[],"class_list":["post-65568","post","type-post","status-publish","format-standard","has-post-thumbnail","hentry","category-destacado","category-edomex","category-portada"],"_links":{"self":[{"href":"https:\/\/elinformante.mx\/index.php?rest_route=\/wp\/v2\/posts\/65568","targetHints":{"allow":["GET"]}}],"collection":[{"href":"https:\/\/elinformante.mx\/index.php?rest_route=\/wp\/v2\/posts"}],"about":[{"href":"https:\/\/elinformante.mx\/index.php?rest_route=\/wp\/v2\/types\/post"}],"author":[{"embeddable":true,"href":"https:\/\/elinformante.mx\/index.php?rest_route=\/wp\/v2\/users\/1"}],"replies":[{"embeddable":true,"href":"https:\/\/elinformante.mx\/index.php?rest_route=%2Fwp%2Fv2%2Fcomments&post=65568"}],"version-history":[{"count":0,"href":"https:\/\/elinformante.mx\/index.php?rest_route=\/wp\/v2\/posts\/65568\/revisions"}],"wp:featuredmedia":[{"embeddable":true,"href":"https:\/\/elinformante.mx\/index.php?rest_route=\/wp\/v2\/media\/65569"}],"wp:attachment":[{"href":"https:\/\/elinformante.mx\/index.php?rest_route=%2Fwp%2Fv2%2Fmedia&parent=65568"}],"wp:term":[{"taxonomy":"category","embeddable":true,"href":"https:\/\/elinformante.mx\/index.php?rest_route=%2Fwp%2Fv2%2Fcategories&post=65568"},{"taxonomy":"post_tag","embeddable":true,"href":"https:\/\/elinformante.mx\/index.php?rest_route=%2Fwp%2Fv2%2Ftags&post=65568"}],"curies":[{"name":"wp","href":"https:\/\/api.w.org\/{rel}","templated":true}]}}