{"id":65588,"date":"2024-10-03T07:07:15","date_gmt":"2024-10-03T13:07:15","guid":{"rendered":"https:\/\/elinformante.mx\/?p=65588"},"modified":"2024-10-03T07:07:16","modified_gmt":"2024-10-03T13:07:16","slug":"marti-batres-encabezo-la-56a-conmemoracion-de-la-masacre-de-tlatelolco","status":"publish","type":"post","link":"https:\/\/elinformante.mx\/?p=65588","title":{"rendered":"Mart\u00ed Batres encabez\u00f3 la 56\u00aa Conmemoraci\u00f3n de la Masacre de Tlatelolco"},"content":{"rendered":"\n<blockquote class=\"wp-block-quote is-layout-flow wp-block-quote-is-layout-flow\">\n<p>El jefe de gobierno afirm\u00f3 que se contin\u00faa con la conquista de libertades y democracia por las que luch\u00f3 el Movimiento Estudiantil.<\/p>\n<\/blockquote>\n\n\n\n<p>El Jefe de Gobierno, Mart\u00ed Batres Guadarrama, encabez\u00f3 la Conmemoraci\u00f3n a 56 A\u00f1os de la Masacre de Tlatelolco, ocurrida en 1968, en la Plaza de las Tres Culturas, donde afirm\u00f3 que la Cuarta Transformaci\u00f3n, encabezada por la Presidenta Claudia Sheinbaum Pardo, que inici\u00f3 en 2018 el expresidente de M\u00e9xico, Andr\u00e9s Manuel L\u00f3pez Obrador, contin\u00faa con la conquista de libertades y democracia por las que luch\u00f3 el Movimiento Estudiantil.<br><\/p>\n\n\n\n<p>\u201cEn el 2018, el voto libre de la ciudadan\u00eda dio lugar a un gobierno que se identificaba con las ideas de la democracia y las libertades que los estudiantes del \u201868 postularon; primera vez que se generaba una mayor\u00eda social que se expresaba en los \u00f3rganos del gobierno y del parlamento de manera libre\u201d.<br><\/p>\n\n\n\n<p>Adem\u00e1s, mencion\u00f3 que la presidenta Claudia Sheinbaum es hija de activistas del Movimiento Estudiantil de 1968, y que se form\u00f3 en la izquierda que surgi\u00f3 despu\u00e9s de 1968, participo en un movimiento estudiantil que se educ\u00f3 con la cultura pol\u00edtica, democr\u00e1tica, libertaria de los estudiantes de 1968.<br><\/p>\n\n\n\n<p>Destac\u00f3 las acciones realizadas durante su gesti\u00f3n como Jefe de Gobierno para rendir homenaje a las y los estudiantes que perdieron la vida durante este movimiento pol\u00edtico y social, como la restauraci\u00f3n de la Estela de Tlatelolco, la cual cont\u00f3 con una inversi\u00f3n de 335 mil pesos.<br><\/p>\n\n\n\n<figure class=\"wp-block-image size-large\"><img fetchpriority=\"high\" decoding=\"async\" width=\"1024\" height=\"503\" src=\"https:\/\/elinformante.mx\/wp-content\/uploads\/2024\/10\/5MARTI-2-1024x503.jpg\" alt=\"\" class=\"wp-image-65590\" srcset=\"https:\/\/elinformante.mx\/wp-content\/uploads\/2024\/10\/5MARTI-2-1024x503.jpg 1024w, https:\/\/elinformante.mx\/wp-content\/uploads\/2024\/10\/5MARTI-2-300x147.jpg 300w, https:\/\/elinformante.mx\/wp-content\/uploads\/2024\/10\/5MARTI-2-768x377.jpg 768w, https:\/\/elinformante.mx\/wp-content\/uploads\/2024\/10\/5MARTI-2-580x285.jpg 580w, https:\/\/elinformante.mx\/wp-content\/uploads\/2024\/10\/5MARTI-2-860x422.jpg 860w, https:\/\/elinformante.mx\/wp-content\/uploads\/2024\/10\/5MARTI-2.jpg 1140w\" sizes=\"(max-width: 1024px) 100vw, 1024px\" \/><\/figure>\n\n\n\n<p>El Movimiento Estudiantil es de gran relevancia en la vida pol\u00edtica, social y cultural de la actualidad, ya que trajo una serie de transformaciones como la masificaci\u00f3n de la educaci\u00f3n superior, la incorporaci\u00f3n de un nuevo pensamiento cr\u00edtico enfocado en las ciencias sociales, el surgimiento de activistas que se incorporaron a movimientos urbanos en la periferia de la ciudad, la apertura a nuevas ideas del pensamiento como el feminismo, la diversidad sexual, la creaci\u00f3n de partidos pol\u00edticos de izquierda, entre otros.<br><\/p>\n\n\n\n<p>Al referirse a la Reforma al Poder Judicial, el Jefe de Gobierno asever\u00f3 que la elecci\u00f3n de jueces, magistrados y ministros significa profundizar en la democracia y en las libertades, derechos por los que lucharon los estudiantes de 1968.<br><\/p>\n\n\n\n<p>El exl\u00edder del Movimiento del 1968, F\u00e9lix Hern\u00e1ndez Gamundi, coment\u00f3 que el recuerdo de este suceso hist\u00f3rico es garant\u00eda de que no se olvidar\u00e1 la demanda de justicia que exigen los participantes del movimiento; asimismo, reconoci\u00f3 la emisi\u00f3n del decreto del Gobierno de M\u00e9xico mediante el cual el Estado reconoce y pide disculpas al pueblo mexicano por lo ocurrido en 1968.<br><\/p>\n\n\n\n<p>Finalmente, el exl\u00edder del movimiento estudiantil de 1968 y coordinador del Comit\u00e9 Pro Libertades Democr\u00e1ticas, Jos\u00e9 de Jes\u00fas Mart\u00edn del Campo Casta\u00f1eda, recalc\u00f3 que las inquietudes pol\u00edticas surgidas en el movimiento de aquel entonces se han transformado de manera positiva, ya que estas han permitido a las nuevas generaciones construir una idea de un pa\u00eds m\u00e1s justo y democr\u00e1tico.<\/p>\n","protected":false},"excerpt":{"rendered":"<p>El jefe de gobierno afirm\u00f3 que se contin\u00faa con la conquista de libertades y democracia por las que luch\u00f3 el Movimiento Estudiantil. El Jefe de Gobierno, Mart\u00ed Batres Guadarrama, encabez\u00f3 la Conmemoraci\u00f3n a 56 A\u00f1os de la Masacre de Tlatelolco, ocurrida en 1968, en la Plaza de las Tres Culturas, donde afirm\u00f3 que la Cuarta [&hellip;]<\/p>\n","protected":false},"author":1,"featured_media":65589,"comment_status":"closed","ping_status":"closed","sticky":false,"template":"","format":"standard","meta":{"footnotes":""},"categories":[35,30],"tags":[],"class_list":["post-65588","post","type-post","status-publish","format-standard","has-post-thumbnail","hentry","category-cdmx","category-destacado"],"_links":{"self":[{"href":"https:\/\/elinformante.mx\/index.php?rest_route=\/wp\/v2\/posts\/65588","targetHints":{"allow":["GET"]}}],"collection":[{"href":"https:\/\/elinformante.mx\/index.php?rest_route=\/wp\/v2\/posts"}],"about":[{"href":"https:\/\/elinformante.mx\/index.php?rest_route=\/wp\/v2\/types\/post"}],"author":[{"embeddable":true,"href":"https:\/\/elinformante.mx\/index.php?rest_route=\/wp\/v2\/users\/1"}],"replies":[{"embeddable":true,"href":"https:\/\/elinformante.mx\/index.php?rest_route=%2Fwp%2Fv2%2Fcomments&post=65588"}],"version-history":[{"count":0,"href":"https:\/\/elinformante.mx\/index.php?rest_route=\/wp\/v2\/posts\/65588\/revisions"}],"wp:featuredmedia":[{"embeddable":true,"href":"https:\/\/elinformante.mx\/index.php?rest_route=\/wp\/v2\/media\/65589"}],"wp:attachment":[{"href":"https:\/\/elinformante.mx\/index.php?rest_route=%2Fwp%2Fv2%2Fmedia&parent=65588"}],"wp:term":[{"taxonomy":"category","embeddable":true,"href":"https:\/\/elinformante.mx\/index.php?rest_route=%2Fwp%2Fv2%2Fcategories&post=65588"},{"taxonomy":"post_tag","embeddable":true,"href":"https:\/\/elinformante.mx\/index.php?rest_route=%2Fwp%2Fv2%2Ftags&post=65588"}],"curies":[{"name":"wp","href":"https:\/\/api.w.org\/{rel}","templated":true}]}}