{"id":65613,"date":"2024-10-03T07:26:18","date_gmt":"2024-10-03T13:26:18","guid":{"rendered":"https:\/\/elinformante.mx\/?p=65613"},"modified":"2024-10-03T07:26:19","modified_gmt":"2024-10-03T13:26:19","slug":"claudia-sheinbaum-llega-a-acapulco-para-evaluar-danos-por-el-huracan-john","status":"publish","type":"post","link":"https:\/\/elinformante.mx\/?p=65613","title":{"rendered":"CLAUDIA SHEINBAUM LLEGA A ACAPULCO PARA EVALUAR DA\u00d1OS POR EL HURAC\u00c1N JOHN"},"content":{"rendered":"\n<blockquote class=\"wp-block-quote is-layout-flow wp-block-quote-is-layout-flow\">\n<p>La presidenta urge a restablecer los caminos y abastecer a la poblaci\u00f3n de agua potable y alimentos.<\/p>\n<\/blockquote>\n\n\n\n<p>La presidenta de M\u00e9xico, Claudia Sheinbaum, se reuni\u00f3 en Acapulco con un grupo de funcionarios federales y estatales para coordinar acciones en respuesta a la emergencia en Guerrero por el hurac\u00e1n John.<br><\/p>\n\n\n\n<p>Sheinbaum fue recibida por la gobernadora Evelyn Salgado Pineda, encabezando en el Centro de Mando para Efectos de la Temporada de Lluvias y Ciclones Tropicales 2024, una reuni\u00f3n de seguimiento a la evaluaci\u00f3n de los da\u00f1os, las acciones de reconstrucci\u00f3n, as\u00ed como la entrega de ayuda humanitaria a las familias damnificadas.<br><\/p>\n\n\n\n<p>La gobernadora y la presidenta realizaron un recorrido v\u00eda a\u00e9rea sobre las zonas que resultaron anegadas y con da\u00f1os severos durante las pasadas lluvias, as\u00ed como las colonias en donde se registraron estragos a consecuencia del meteoro por las costas guerrerenses.<br><\/p>\n\n\n\n<figure class=\"wp-block-image size-large\"><img fetchpriority=\"high\" decoding=\"async\" width=\"1024\" height=\"503\" src=\"https:\/\/elinformante.mx\/wp-content\/uploads\/2024\/10\/9claudia-4-1024x503.jpg\" alt=\"\" class=\"wp-image-65615\" srcset=\"https:\/\/elinformante.mx\/wp-content\/uploads\/2024\/10\/9claudia-4-1024x503.jpg 1024w, https:\/\/elinformante.mx\/wp-content\/uploads\/2024\/10\/9claudia-4-300x147.jpg 300w, https:\/\/elinformante.mx\/wp-content\/uploads\/2024\/10\/9claudia-4-768x377.jpg 768w, https:\/\/elinformante.mx\/wp-content\/uploads\/2024\/10\/9claudia-4-580x285.jpg 580w, https:\/\/elinformante.mx\/wp-content\/uploads\/2024\/10\/9claudia-4-860x422.jpg 860w, https:\/\/elinformante.mx\/wp-content\/uploads\/2024\/10\/9claudia-4.jpg 1140w\" sizes=\"(max-width: 1024px) 100vw, 1024px\" \/><\/figure>\n\n\n\n<p>La presidenta Sheinbaum destac\u00f3 que la prioridad del gobierno federal en este momento es el abastecimiento de agua potable y el restablecimiento de los caminos en las zonas afectadas de Guerrero.<br><\/p>\n\n\n\n<p>Inform\u00f3 que ha dejado instrucciones a la Comisi\u00f3n Nacional del Agua (Conagua) y a la Secretar\u00eda de Infraestructura, Comunicaciones y Transportes (SICT) para brindar apoyo al municipio de Acapulco.<br><\/p>\n\n\n\n<p>Informaron que se tendr\u00e1 una reuni\u00f3n el d\u00eda de hoy, para evaluar una evaluaci\u00f3n de las afectaciones a todos los municipios de Guerrero y hacer el Plan de Apoyos, dijo Sheinbaum.<br><\/p>\n\n\n\n<figure class=\"wp-block-image size-large\"><img decoding=\"async\" width=\"1024\" height=\"503\" src=\"https:\/\/elinformante.mx\/wp-content\/uploads\/2024\/10\/9claudia-2-1024x503.jpg\" alt=\"\" class=\"wp-image-65616\" srcset=\"https:\/\/elinformante.mx\/wp-content\/uploads\/2024\/10\/9claudia-2-1024x503.jpg 1024w, https:\/\/elinformante.mx\/wp-content\/uploads\/2024\/10\/9claudia-2-300x147.jpg 300w, https:\/\/elinformante.mx\/wp-content\/uploads\/2024\/10\/9claudia-2-768x377.jpg 768w, https:\/\/elinformante.mx\/wp-content\/uploads\/2024\/10\/9claudia-2-580x285.jpg 580w, https:\/\/elinformante.mx\/wp-content\/uploads\/2024\/10\/9claudia-2-860x422.jpg 860w, https:\/\/elinformante.mx\/wp-content\/uploads\/2024\/10\/9claudia-2.jpg 1140w\" sizes=\"(max-width: 1024px) 100vw, 1024px\" \/><\/figure>\n\n\n\n<p>Sheinbaum arrib\u00f3 al municipio guerrerense de Acapulco en una camioneta Suburban negra, para evaluar el desastre ocasionado por el hurac\u00e1n John, en una zona conocida la Venta de la Autopista del Sol, donde fue interceptada por habitantes del puerto acapulque\u00f1o que pidieron su ayuda para reconstruir sus hogares y sus lugares de trabajo, y que apenas comenzaba a recuperarse de otro fuerte temporal que destruy\u00f3 todo el a\u00f1o pasado.<br><\/p>\n\n\n\n<p>Sin bajar del veh\u00edculo, en pocas palabras indic\u00f3 a la prensa que se reunir\u00eda con las autoridades de la zona en las instalaciones de la D\u00e9cima Segunda regi\u00f3n naval, y que dicha reuni\u00f3n ser\u00eda privada. En tanto, cientos de personas se concentraron a las afueras de las instalaciones navales para solicitarle a la presidenta su apoyo.<br><\/p>\n\n\n\n<p>Entre los asistentes a la reuni\u00f3n tambi\u00e9n estuvo el gobernador de Michoac\u00e1n, Alfredo Ram\u00edrez Bedolla, as\u00ed como representantes de la Secretar\u00eda de la Defensa Nacional, de Marina y miembros del gabinete federal como Rosa Icela Rodr\u00edguez Vel\u00e1zquez, secretaria de Gobernaci\u00f3n; Omar Garc\u00eda Harfuch, secretario de Seguridad y Protecci\u00f3n Ciudadana; Marcelo Ebrard, secretario de Econom\u00eda; Josefina Rodr\u00edguez Zamora, secretaria de Turismo; David Kershenobich Stalnikowitz, secretario de Salud, y Laura Vel\u00e1zquez Alz\u00faa, coordinadora nacional de Protecci\u00f3n Civil.<br><\/p>\n\n\n\n<figure class=\"wp-block-image size-large\"><img decoding=\"async\" width=\"1024\" height=\"503\" src=\"https:\/\/elinformante.mx\/wp-content\/uploads\/2024\/10\/9claudia-3-1024x503.jpg\" alt=\"\" class=\"wp-image-65617\" srcset=\"https:\/\/elinformante.mx\/wp-content\/uploads\/2024\/10\/9claudia-3-1024x503.jpg 1024w, https:\/\/elinformante.mx\/wp-content\/uploads\/2024\/10\/9claudia-3-300x147.jpg 300w, https:\/\/elinformante.mx\/wp-content\/uploads\/2024\/10\/9claudia-3-768x377.jpg 768w, https:\/\/elinformante.mx\/wp-content\/uploads\/2024\/10\/9claudia-3-580x285.jpg 580w, https:\/\/elinformante.mx\/wp-content\/uploads\/2024\/10\/9claudia-3-860x422.jpg 860w, https:\/\/elinformante.mx\/wp-content\/uploads\/2024\/10\/9claudia-3.jpg 1140w\" sizes=\"(max-width: 1024px) 100vw, 1024px\" \/><\/figure>\n\n\n\n<p>John entr\u00f3 a M\u00e9xico el pasado 23 de septiembre como hurac\u00e1n categor\u00eda 3 en Guerrero, sur del pa\u00eds. Resurgi\u00f3 el mi\u00e9rcoles de sus remanentes, se fortaleci\u00f3 el jueves por segunda vez a hurac\u00e1n categor\u00eda 1, y despu\u00e9s, baj\u00f3 a tormenta tropical hasta impactar al estado de Michoac\u00e1n y disiparse.<br><\/p>\n\n\n\n<p>Acapulco qued\u00f3 incomunicado por v\u00eda terrestre y a\u00e9rea por un tiempo; el lunes 30 de septiembre la SICT comparti\u00f3 un bolet\u00edn de prensa en el que precis\u00f3 que, de momento, el Aeropuerto Internacional de Acapulco \u00fanicamente est\u00e1 recibiendo vuelos de emergencia.<br><\/p>\n\n\n\n<p>Acapulco, uno de los centros tur\u00edsticos mexicanos m\u00e1s famosos a nivel mundial, ha sido por fuertemente golpeado por estos fen\u00f3menos meteorol\u00f3gicos dos a\u00f1os consecutivos; el hurac\u00e1n Otis dej\u00f3 incontables da\u00f1os en el municipio en 2023, da\u00f1os de los cuales apenas se estaban recuperando cuando John toco tierra, dejando a su paso al menos 6 muertos, as\u00ed como poblados incomunicados y mucha destrucci\u00f3n en diversas infraestructuras de importancia, como en varias estaciones del Sistema de Alerta S\u00edsmica Mexicano (SASMEX).<\/p>\n","protected":false},"excerpt":{"rendered":"<p>La presidenta urge a restablecer los caminos y abastecer a la poblaci\u00f3n de agua potable y alimentos. La presidenta de M\u00e9xico, Claudia Sheinbaum, se reuni\u00f3 en Acapulco con un grupo de funcionarios federales y estatales para coordinar acciones en respuesta a la emergencia en Guerrero por el hurac\u00e1n John. Sheinbaum fue recibida por la gobernadora [&hellip;]<\/p>\n","protected":false},"author":1,"featured_media":65614,"comment_status":"closed","ping_status":"closed","sticky":false,"template":"","format":"standard","meta":{"footnotes":""},"categories":[30,34,31],"tags":[],"class_list":["post-65613","post","type-post","status-publish","format-standard","has-post-thumbnail","hentry","category-destacado","category-nacional","category-portada"],"_links":{"self":[{"href":"https:\/\/elinformante.mx\/index.php?rest_route=\/wp\/v2\/posts\/65613","targetHints":{"allow":["GET"]}}],"collection":[{"href":"https:\/\/elinformante.mx\/index.php?rest_route=\/wp\/v2\/posts"}],"about":[{"href":"https:\/\/elinformante.mx\/index.php?rest_route=\/wp\/v2\/types\/post"}],"author":[{"embeddable":true,"href":"https:\/\/elinformante.mx\/index.php?rest_route=\/wp\/v2\/users\/1"}],"replies":[{"embeddable":true,"href":"https:\/\/elinformante.mx\/index.php?rest_route=%2Fwp%2Fv2%2Fcomments&post=65613"}],"version-history":[{"count":0,"href":"https:\/\/elinformante.mx\/index.php?rest_route=\/wp\/v2\/posts\/65613\/revisions"}],"wp:featuredmedia":[{"embeddable":true,"href":"https:\/\/elinformante.mx\/index.php?rest_route=\/wp\/v2\/media\/65614"}],"wp:attachment":[{"href":"https:\/\/elinformante.mx\/index.php?rest_route=%2Fwp%2Fv2%2Fmedia&parent=65613"}],"wp:term":[{"taxonomy":"category","embeddable":true,"href":"https:\/\/elinformante.mx\/index.php?rest_route=%2Fwp%2Fv2%2Fcategories&post=65613"},{"taxonomy":"post_tag","embeddable":true,"href":"https:\/\/elinformante.mx\/index.php?rest_route=%2Fwp%2Fv2%2Ftags&post=65613"}],"curies":[{"name":"wp","href":"https:\/\/api.w.org\/{rel}","templated":true}]}}