{"id":65933,"date":"2024-10-08T06:09:32","date_gmt":"2024-10-08T12:09:32","guid":{"rendered":"https:\/\/elinformante.mx\/?p=65933"},"modified":"2024-10-08T06:09:33","modified_gmt":"2024-10-08T12:09:33","slug":"implementaran-en-zinacantepec-jornadas-de-conciliacion-laboral","status":"publish","type":"post","link":"https:\/\/elinformante.mx\/?p=65933","title":{"rendered":"Implementar\u00e1n en Zinacantepec jornadas de conciliaci\u00f3n laboral"},"content":{"rendered":"\n<blockquote class=\"wp-block-quote is-layout-flow wp-block-quote-is-layout-flow\">\n<p>Los titulares de la Secretar\u00eda del Trabajo y del Ayuntamiento de Zinacantepec firman convenio para la resoluci\u00f3n de conflictos laborales<\/p>\n<\/blockquote>\n\n\n\n<p>El Secretario del Trabajo, Prof. Norberto Morales Poblete y el Presidente Municipal de Zinacantepec, Manuel Vilchis Viveros, firmaron el convenio \u201cJornadas de Conciliaci\u00f3n\u201d, documento que dar\u00e1 salida legal y administrativa para solventar los asuntos laborales del Ayuntamiento, que se dirimen a trav\u00e9s de la Junta Local de Conciliaci\u00f3n y Arbitraje del Valle de Toluca.<br><\/p>\n\n\n\n<p>Durante su participaci\u00f3n, el alcalde Vilchis Viveros reconoci\u00f3 que este problema es a\u00f1ejo \u201c\u2026para esta administraci\u00f3n 2022-2024 son prioridad los laudos, estamos conscientes que de no atenderse, podr\u00edan poner en riesgo la viabilidad financiera de cualquier Ayuntamiento, nosotros no haremos caso omiso como en administraciones anteriores, asumimos nuestra responsabilidad \u00e9tica y profesional\u201d.<br><\/p>\n\n\n\n<figure class=\"wp-block-image size-large\"><img fetchpriority=\"high\" decoding=\"async\" width=\"1024\" height=\"503\" src=\"https:\/\/elinformante.mx\/wp-content\/uploads\/2024\/10\/11ZINA-1024x503.jpeg\" alt=\"\" class=\"wp-image-65935\" srcset=\"https:\/\/elinformante.mx\/wp-content\/uploads\/2024\/10\/11ZINA-1024x503.jpeg 1024w, https:\/\/elinformante.mx\/wp-content\/uploads\/2024\/10\/11ZINA-300x147.jpeg 300w, https:\/\/elinformante.mx\/wp-content\/uploads\/2024\/10\/11ZINA-768x377.jpeg 768w, https:\/\/elinformante.mx\/wp-content\/uploads\/2024\/10\/11ZINA-580x285.jpeg 580w, https:\/\/elinformante.mx\/wp-content\/uploads\/2024\/10\/11ZINA-860x422.jpeg 860w, https:\/\/elinformante.mx\/wp-content\/uploads\/2024\/10\/11ZINA.jpeg 1140w\" sizes=\"(max-width: 1024px) 100vw, 1024px\" \/><\/figure>\n\n\n\n<p>El Secretario del Trabajo dijo que la dependencia a su cargo, organizar\u00e1 y realizar\u00e1 Jornadas de Conciliaci\u00f3n Laboral permanentes para reducir los laudos entre el Ayuntamiento y la Secretar\u00eda del Trabajo, propiciando el di\u00e1logo, la negociaci\u00f3n y el respeto mutuo.<br><\/p>\n\n\n\n<p>\u201cDicho convenio de colaboraci\u00f3n es un ejemplo para las dem\u00e1s demarcaciones, para poder darle cause a los asuntos laborales, se pretende que las demandas, los procesos y los laudos sean atendidos y resueltos, sentando un precedente estatal de justicia laboral\u201d, a\u00f1adi\u00f3.<br><\/p>\n\n\n\n<p>Con este acto, el Gobierno Estatal en coordinaci\u00f3n con la autoridad municipal, refrendan la voluntad y el compromiso para la ejecuci\u00f3n de laudos que beneficiar\u00e1n a los trabajadores y evitar perjuicios financieros al Ayuntamiento de Zinacantepec.<\/p>\n","protected":false},"excerpt":{"rendered":"<p>Los titulares de la Secretar\u00eda del Trabajo y del Ayuntamiento de Zinacantepec firman convenio para la resoluci\u00f3n de conflictos laborales El Secretario del Trabajo, Prof. Norberto Morales Poblete y el Presidente Municipal de Zinacantepec, Manuel Vilchis Viveros, firmaron el convenio \u201cJornadas de Conciliaci\u00f3n\u201d, documento que dar\u00e1 salida legal y administrativa para solventar los asuntos laborales [&hellip;]<\/p>\n","protected":false},"author":1,"featured_media":65934,"comment_status":"closed","ping_status":"closed","sticky":false,"template":"","format":"standard","meta":{"footnotes":""},"categories":[30,36],"tags":[],"class_list":["post-65933","post","type-post","status-publish","format-standard","has-post-thumbnail","hentry","category-destacado","category-edomex"],"_links":{"self":[{"href":"https:\/\/elinformante.mx\/index.php?rest_route=\/wp\/v2\/posts\/65933","targetHints":{"allow":["GET"]}}],"collection":[{"href":"https:\/\/elinformante.mx\/index.php?rest_route=\/wp\/v2\/posts"}],"about":[{"href":"https:\/\/elinformante.mx\/index.php?rest_route=\/wp\/v2\/types\/post"}],"author":[{"embeddable":true,"href":"https:\/\/elinformante.mx\/index.php?rest_route=\/wp\/v2\/users\/1"}],"replies":[{"embeddable":true,"href":"https:\/\/elinformante.mx\/index.php?rest_route=%2Fwp%2Fv2%2Fcomments&post=65933"}],"version-history":[{"count":0,"href":"https:\/\/elinformante.mx\/index.php?rest_route=\/wp\/v2\/posts\/65933\/revisions"}],"wp:featuredmedia":[{"embeddable":true,"href":"https:\/\/elinformante.mx\/index.php?rest_route=\/wp\/v2\/media\/65934"}],"wp:attachment":[{"href":"https:\/\/elinformante.mx\/index.php?rest_route=%2Fwp%2Fv2%2Fmedia&parent=65933"}],"wp:term":[{"taxonomy":"category","embeddable":true,"href":"https:\/\/elinformante.mx\/index.php?rest_route=%2Fwp%2Fv2%2Fcategories&post=65933"},{"taxonomy":"post_tag","embeddable":true,"href":"https:\/\/elinformante.mx\/index.php?rest_route=%2Fwp%2Fv2%2Ftags&post=65933"}],"curies":[{"name":"wp","href":"https:\/\/api.w.org\/{rel}","templated":true}]}}