{"id":65941,"date":"2024-10-08T06:15:25","date_gmt":"2024-10-08T12:15:25","guid":{"rendered":"https:\/\/elinformante.mx\/?p=65941"},"modified":"2024-10-08T06:15:27","modified_gmt":"2024-10-08T12:15:27","slug":"uaemex-trabaja-por-el-bienestar-y-el-desarrollo-de-la-comunidad-sindicalizada-cebd","status":"publish","type":"post","link":"https:\/\/elinformante.mx\/?p=65941","title":{"rendered":"UAEM\u00e9x trabaja por el bienestar y el desarrollo de la comunidad sindicalizada: CEBD"},"content":{"rendered":"\n<blockquote class=\"wp-block-quote is-layout-flow wp-block-quote-is-layout-flow\">\n<p>El rector de la UAEM\u00e9x, Carlos Eduardo Barrera D\u00edaz, encabez\u00f3 la lectura del tercer informe anual de actividades del secretario general del SUTESUAEM, Pedro Rodr\u00edguez Magallanes.<\/p>\n<\/blockquote>\n\n\n\n<p>Es gratificante constatar la unidad del Sindicato \u00danico de Trabajadores y Empleados al Servicio de esta instituci\u00f3n (SUTESUAEM), con el que defienden los derechos de sus afiliados, por lo que confirmamos nuestro sentido de colaboraci\u00f3n para garantizar las funciones sustantivas de nuestra instituci\u00f3n, puntualiz\u00f3 el rector de la Universidad Aut\u00f3noma del Estado de M\u00e9xico (UAEM\u00e9x), Carlos Eduardo Barrera D\u00edaz, al encabezar la lectura del tercer informe anual de actividades del secretario general de esta organizaci\u00f3n universitaria, Pedro Rodr\u00edguez Magallanes.<br><\/p>\n\n\n\n<p>Como parte de este ejercicio de transparencia, Barrera D\u00edaz reconoci\u00f3 a 70 trabajadoras y trabajadores administrativos en el cumplimiento de 25 a\u00f1os de servicio a la UAEM\u00e9x, quienes ejercen una importante labor en la creaci\u00f3n de entornos propicios para el aprendizaje, la investigaci\u00f3n y el desarrollo personal del estudiantado y comunidad en general.<br><\/p>\n\n\n\n<p>En el Aula Magna del Edificio de Rector\u00eda, el rector de la M\u00e1xima Casa de Estudios mexiquense coment\u00f3 que la estrecha y sana relaci\u00f3n laboral entre autoridades universitarias y el SUTESUAEM, ha permitido revisiones salariales y contractuales responsables y equilibradas, pues de esta manera, se contribuye al cumplimiento de sus respectivas atribuciones.<br><\/p>\n\n\n\n<figure class=\"wp-block-image size-large\"><img fetchpriority=\"high\" decoding=\"async\" width=\"1024\" height=\"503\" src=\"https:\/\/elinformante.mx\/wp-content\/uploads\/2024\/10\/10uaemex-3-1024x503.jpg\" alt=\"\" class=\"wp-image-65943\" srcset=\"https:\/\/elinformante.mx\/wp-content\/uploads\/2024\/10\/10uaemex-3-1024x503.jpg 1024w, https:\/\/elinformante.mx\/wp-content\/uploads\/2024\/10\/10uaemex-3-300x147.jpg 300w, https:\/\/elinformante.mx\/wp-content\/uploads\/2024\/10\/10uaemex-3-768x377.jpg 768w, https:\/\/elinformante.mx\/wp-content\/uploads\/2024\/10\/10uaemex-3-580x285.jpg 580w, https:\/\/elinformante.mx\/wp-content\/uploads\/2024\/10\/10uaemex-3-860x422.jpg 860w, https:\/\/elinformante.mx\/wp-content\/uploads\/2024\/10\/10uaemex-3.jpg 1140w\" sizes=\"(max-width: 1024px) 100vw, 1024px\" \/><\/figure>\n\n\n\n<p>En este sentido, resalt\u00f3 que los esfuerzos realizados por esta organizaci\u00f3n sindical son de suma importancia para el bienestar general de su personal afiliado, pues trabajan a favor de la lactancia materna, la cultura, el turismo responsable, el deporte, la preparaci\u00f3n acad\u00e9mica de sus hijos y la constante capacitaci\u00f3n y actualizaci\u00f3n, lo cual sigue consolidando a la UAEM\u00e9x como una de las mejores universidades p\u00fablicas estatales del pa\u00eds.<br><\/p>\n\n\n\n<p>\u201cSigamos construyendo la instituci\u00f3n en la que deseamos que se formen las y los mejores profesionistas y ciudadanos, donde cada una y uno de nosotros tiene una funci\u00f3n que cumplir para el \u00f3ptimo desarrollo de nuestra comunidad universitaria\u201d, subray\u00f3.<br><\/p>\n\n\n\n<p>En su intervenci\u00f3n, Rodr\u00edguez Magallanes asever\u00f3 que en el marco de una cultura de transparencia, rendici\u00f3n de cuentas y fraternidad, en el periodo que se informa se ha dado cumplimiento al Contrato Colectivo de Trabajo, por lo que agradeci\u00f3 a la UAEM\u00e9x por su solidaridad y esfuerzo por sanear las finanzas, acciones que fortalecen la mejora del gremio acad\u00e9mico y administrativo.<br><\/p>\n\n\n\n<p>Al acto asistieron la secretaria de Administraci\u00f3n, Er\u00e9ndira Fierro Moreno; el encargado del despacho de la direcci\u00f3n de Recursos Humanos, Antonio Hern\u00e1ndez L\u00f3pez; la representante de las y los galardonados que cumplen 25 a\u00f1os de servicio, Lidia S\u00e1nchez Arriaga; integrantes del Gabinete Universitario, invitadas e invitados del SUTESUAEM, as\u00ed como la comunidad universitaria.<\/p>\n","protected":false},"excerpt":{"rendered":"<p>El rector de la UAEM\u00e9x, Carlos Eduardo Barrera D\u00edaz, encabez\u00f3 la lectura del tercer informe anual de actividades del secretario general del SUTESUAEM, Pedro Rodr\u00edguez Magallanes. Es gratificante constatar la unidad del Sindicato \u00danico de Trabajadores y Empleados al Servicio de esta instituci\u00f3n (SUTESUAEM), con el que defienden los derechos de sus afiliados, por lo [&hellip;]<\/p>\n","protected":false},"author":1,"featured_media":65942,"comment_status":"closed","ping_status":"closed","sticky":false,"template":"","format":"standard","meta":{"footnotes":""},"categories":[30,36],"tags":[],"class_list":["post-65941","post","type-post","status-publish","format-standard","has-post-thumbnail","hentry","category-destacado","category-edomex"],"_links":{"self":[{"href":"https:\/\/elinformante.mx\/index.php?rest_route=\/wp\/v2\/posts\/65941","targetHints":{"allow":["GET"]}}],"collection":[{"href":"https:\/\/elinformante.mx\/index.php?rest_route=\/wp\/v2\/posts"}],"about":[{"href":"https:\/\/elinformante.mx\/index.php?rest_route=\/wp\/v2\/types\/post"}],"author":[{"embeddable":true,"href":"https:\/\/elinformante.mx\/index.php?rest_route=\/wp\/v2\/users\/1"}],"replies":[{"embeddable":true,"href":"https:\/\/elinformante.mx\/index.php?rest_route=%2Fwp%2Fv2%2Fcomments&post=65941"}],"version-history":[{"count":0,"href":"https:\/\/elinformante.mx\/index.php?rest_route=\/wp\/v2\/posts\/65941\/revisions"}],"wp:featuredmedia":[{"embeddable":true,"href":"https:\/\/elinformante.mx\/index.php?rest_route=\/wp\/v2\/media\/65942"}],"wp:attachment":[{"href":"https:\/\/elinformante.mx\/index.php?rest_route=%2Fwp%2Fv2%2Fmedia&parent=65941"}],"wp:term":[{"taxonomy":"category","embeddable":true,"href":"https:\/\/elinformante.mx\/index.php?rest_route=%2Fwp%2Fv2%2Fcategories&post=65941"},{"taxonomy":"post_tag","embeddable":true,"href":"https:\/\/elinformante.mx\/index.php?rest_route=%2Fwp%2Fv2%2Ftags&post=65941"}],"curies":[{"name":"wp","href":"https:\/\/api.w.org\/{rel}","templated":true}]}}