{"id":65953,"date":"2024-10-08T06:26:45","date_gmt":"2024-10-08T12:26:45","guid":{"rendered":"https:\/\/elinformante.mx\/?p=65953"},"modified":"2024-10-08T06:26:46","modified_gmt":"2024-10-08T12:26:46","slug":"edomex-sera-sede-de-la-semana-mundial-del-espacio-2024","status":"publish","type":"post","link":"https:\/\/elinformante.mx\/?p=65953","title":{"rendered":"Edom\u00e9x ser\u00e1 sede de la Semana Mundial del Espacio 2024"},"content":{"rendered":"\n<blockquote class=\"wp-block-quote is-layout-flow wp-block-quote-is-layout-flow\">\n<p>El gobierno del estado busca promover la ciencia, innovaci\u00f3n y tecnolog\u00eda, para ello del 4 al 10 de octubre se llevar\u00e1 a cabo la semana bajo la promoci\u00f3n de la ONU.<\/p>\n<\/blockquote>\n\n\n\n<p>Desde el Gobierno que encabeza la Maestra Delfina G\u00f3mez \u00c1lvarez se promueve la ciencia, innovaci\u00f3n y tecnolog\u00eda; por ello, el Estado de M\u00e9xico es una de las sedes de la Semana Mundial del Espacio promovida por la Organizaci\u00f3n de las Naciones Unidas (ONU), en el marco de la Feria Internacional del Libro del Estado de M\u00e9xico, FILEM 2024.<br><\/p>\n\n\n\n<p>Este 2024 la Agencia Espacial Mexicana (AEM) seleccion\u00f3 a la entidad mexiquense para conmemorar esta efem\u00e9ride en el marco de la FILEM 2024, que tiene como g\u00e9neros invitados la fantas\u00eda y la ciencia ficci\u00f3n, los cuales ofrecen a las y los asistentes una maravillosa oportunidad de escapar de la realidad y explorar nuevas posibilidades.<br><\/p>\n\n\n\n<p>Entre las actividades que se sumaron en el inicio de la Semana Mundial del Espacio est\u00e1 el Concierto Sinf\u00f3nico de Pel\u00edculas de la Orquesta Sinf\u00f3nica del Estado de M\u00e9xico, la cual tuvo como una de las piezas musicales la \u201cMarcha Imperial\u201d, del filme \u201cLa Guerra de las Galaxias\u201d.<br><\/p>\n\n\n\n<p>El concierto cont\u00f3 con el Doctor Salvador Landeros Ayala, Director General de la Agencia Espacial Mexicana; as\u00ed como algunos integrantes de la misma, quienes compartieron que a trav\u00e9s de la administraci\u00f3n de la Maestra Delfina G\u00f3mez \u00c1lvarez y de la participaci\u00f3n de la Universidad Aut\u00f3noma del Estado de M\u00e9xico (UAEM\u00e9x), la entidad mexiquense se fortalecer\u00e1 como un referente en el tema espacial con educaci\u00f3n especializada en tecnolog\u00edas satelitales de punta, y atracci\u00f3n de inversi\u00f3n aeroespacial y tur\u00edstica.<br><\/p>\n\n\n\n<p>Entre las actividades con las que contar\u00e1 la FILEM 2024 vinculadas a la Semana Mundial del Espacio est\u00e1 el taller infantil \u201cEsmeraldas bajo la luna\u201d; el conversatorio \u201cCiencia y mecatr\u00f3nica\u201d; el taller infantil \u201cIdeas \u00fatiles: c\u00f3mo crear un robot y no morir en el aburrimiento\u201d; y la presentaci\u00f3n del libro \u201cMejicanos en el espacio\u201d; entre otras.<br><\/p>\n\n\n\n<p>La Semana Mundial del Espacio tiene sus antecedentes en dos fechas: el 04 de octubre de 1957, cuando se lanz\u00f3 al espacio el primer sat\u00e9lite artificial de la Tierra, el Sputnik; y el 10 de octubre de 1967, cuando entra en vigor el Tratado sobre los principios que deben regir las actividades de las naciones integrantes en materia de exploraci\u00f3n y utilizaci\u00f3n del espacio ultraterrestre.<br><\/p>\n\n\n\n<p>El 06 de diciembre de 1999, a trav\u00e9s de una resoluci\u00f3n, la Asamblea General de la ONU declar\u00f3 la \u201cSemana Mundial del Espacio\u201d, que comprende del 04 al 10 de octubre, en la que se promueven las contribuciones de la ciencia y tecnolog\u00eda espaciales a la humanidad.<\/p>\n","protected":false},"excerpt":{"rendered":"<p>El gobierno del estado busca promover la ciencia, innovaci\u00f3n y tecnolog\u00eda, para ello del 4 al 10 de octubre se llevar\u00e1 a cabo la semana bajo la promoci\u00f3n de la ONU. Desde el Gobierno que encabeza la Maestra Delfina G\u00f3mez \u00c1lvarez se promueve la ciencia, innovaci\u00f3n y tecnolog\u00eda; por ello, el Estado de M\u00e9xico es [&hellip;]<\/p>\n","protected":false},"author":1,"featured_media":65954,"comment_status":"closed","ping_status":"closed","sticky":false,"template":"","format":"standard","meta":{"footnotes":""},"categories":[30,36,31],"tags":[],"class_list":["post-65953","post","type-post","status-publish","format-standard","has-post-thumbnail","hentry","category-destacado","category-edomex","category-portada"],"_links":{"self":[{"href":"https:\/\/elinformante.mx\/index.php?rest_route=\/wp\/v2\/posts\/65953","targetHints":{"allow":["GET"]}}],"collection":[{"href":"https:\/\/elinformante.mx\/index.php?rest_route=\/wp\/v2\/posts"}],"about":[{"href":"https:\/\/elinformante.mx\/index.php?rest_route=\/wp\/v2\/types\/post"}],"author":[{"embeddable":true,"href":"https:\/\/elinformante.mx\/index.php?rest_route=\/wp\/v2\/users\/1"}],"replies":[{"embeddable":true,"href":"https:\/\/elinformante.mx\/index.php?rest_route=%2Fwp%2Fv2%2Fcomments&post=65953"}],"version-history":[{"count":0,"href":"https:\/\/elinformante.mx\/index.php?rest_route=\/wp\/v2\/posts\/65953\/revisions"}],"wp:featuredmedia":[{"embeddable":true,"href":"https:\/\/elinformante.mx\/index.php?rest_route=\/wp\/v2\/media\/65954"}],"wp:attachment":[{"href":"https:\/\/elinformante.mx\/index.php?rest_route=%2Fwp%2Fv2%2Fmedia&parent=65953"}],"wp:term":[{"taxonomy":"category","embeddable":true,"href":"https:\/\/elinformante.mx\/index.php?rest_route=%2Fwp%2Fv2%2Fcategories&post=65953"},{"taxonomy":"post_tag","embeddable":true,"href":"https:\/\/elinformante.mx\/index.php?rest_route=%2Fwp%2Fv2%2Ftags&post=65953"}],"curies":[{"name":"wp","href":"https:\/\/api.w.org\/{rel}","templated":true}]}}