{"id":65973,"date":"2024-10-08T06:47:52","date_gmt":"2024-10-08T12:47:52","guid":{"rendered":"https:\/\/elinformante.mx\/?p=65973"},"modified":"2024-10-08T06:47:54","modified_gmt":"2024-10-08T12:47:54","slug":"clara-brugada-instala-gabinete-para-la-construccion-de-paz-seguridad-ciudadana-y-procuracion-de-justicia-en-cdmx","status":"publish","type":"post","link":"https:\/\/elinformante.mx\/?p=65973","title":{"rendered":"Clara Brugada instala gabinete para la Construcci\u00f3n de paz, seguridad ciudadana y procuraci\u00f3n de justicia en CDMX"},"content":{"rendered":"\n<blockquote class=\"wp-block-quote is-layout-flow wp-block-quote-is-layout-flow\">\n<p>La Jefa de Gobierno asegur\u00f3 que el trabajo conjunto con las 16 alcald\u00edas y el Gobierno de M\u00e9xico permitir\u00e1 continuar con la tendencia a la baja en la incidencia delictiva.<\/p>\n<\/blockquote>\n\n\n\n<p>La Jefa de Gobierno, Clara Brugada Molina, encabez\u00f3 la instalaci\u00f3n del Gabinete para la Construcci\u00f3n de la Paz, Seguridad Ciudadana y Procuraci\u00f3n de Justicia de la Ciudad de M\u00e9xico, en la que afirm\u00f3 que la seguridad es una prioridad, por lo que habr\u00e1 coordinaci\u00f3n con el Gobierno federal y las 16 alcald\u00edas para garantizar que la incidencia delictiva siga a la baja.<br><\/p>\n\n\n\n<p>\u201cLa coordinaci\u00f3n de los tres niveles de gobierno es lo que va a garantizar que esta gran ciudad contin\u00fae con su tendencia a la baja de los delitos de mayor impacto y en general\u201d.<br><\/p>\n\n\n\n<p>La mandataria capitalina mencion\u00f3 que el Gabinete para la Construcci\u00f3n de la Paz y Seguridad se reunir\u00e1 diario a las 07:00 horas con la participaci\u00f3n del Gobierno de M\u00e9xico, a trav\u00e9s de la Secretar\u00eda de la Defensa Nacional (SEDENA), la Secretar\u00eda de Marina (SEMAR) y la Guardia Nacional (GN).<br><\/p>\n\n\n\n<p>Clara Brugada mencion\u00f3 que la participaci\u00f3n de las alcald\u00edas es muy importante, por ello las convoc\u00f3 a participar una vez al mes en el Gabinete central y a instalar sus propios gabinetes para la Construcci\u00f3n de la Paz, Seguridad Ciudadana y Procuraci\u00f3n de Justicia.<br><\/p>\n\n\n\n<figure class=\"wp-block-image size-large\"><img fetchpriority=\"high\" decoding=\"async\" width=\"1024\" height=\"503\" src=\"https:\/\/elinformante.mx\/wp-content\/uploads\/2024\/10\/5clara-1024x503.jpg\" alt=\"\" class=\"wp-image-65975\" srcset=\"https:\/\/elinformante.mx\/wp-content\/uploads\/2024\/10\/5clara-1024x503.jpg 1024w, https:\/\/elinformante.mx\/wp-content\/uploads\/2024\/10\/5clara-300x147.jpg 300w, https:\/\/elinformante.mx\/wp-content\/uploads\/2024\/10\/5clara-768x377.jpg 768w, https:\/\/elinformante.mx\/wp-content\/uploads\/2024\/10\/5clara-580x285.jpg 580w, https:\/\/elinformante.mx\/wp-content\/uploads\/2024\/10\/5clara-860x422.jpg 860w, https:\/\/elinformante.mx\/wp-content\/uploads\/2024\/10\/5clara.jpg 1140w\" sizes=\"(max-width: 1024px) 100vw, 1024px\" \/><\/figure>\n\n\n\n<p>Al plantear algunas de las acciones que ejecutar\u00e1 su gobierno, dijo que se priorizar\u00e1 a las mujeres; se pondr\u00e1 en marcha el \u201cVisor 360\u201d, una herramienta tecnol\u00f3gica para proporcionar datos en tiempo real de lo que ocurre en materia de seguridad para la toma de decisiones; se realizar\u00e1 la ampliaci\u00f3n de algunos sectores de la Polic\u00eda; se brindar\u00e1 atenci\u00f3n en m\u00f3dulos de seguridad y, durante los primeros 100 d\u00edas de gobierno, se llevar\u00e1 a cabo el programa de iluminaci\u00f3n en las principales avenidas de la ciudad.<br><\/p>\n\n\n\n<p>La Jefa de Gobierno instruy\u00f3 a los titulares de las secretar\u00edas de Seguridad Ciudadana (SSC), Pablo V\u00e1zquez Camacho; y de Planeaci\u00f3n, Ordenamiento Territorial y Coordinaci\u00f3n Metropolitana, Alejandro Encinas Rodr\u00edguez, la creaci\u00f3n de una nueva Polic\u00eda Metropolitana, en conjunto con el Estado de M\u00e9xico, para cuidar las fronteras del Valle de M\u00e9xico, y se pronunci\u00f3 por combatir la extorsi\u00f3n, para lo cual llam\u00f3 al Congreso capitalino a avanzar en la aprobaci\u00f3n de la reforma que convierte en delito grave esta conducta.<br><\/p>\n\n\n\n<p>A\u00f1adi\u00f3 que su administraci\u00f3n dar\u00e1 continuidad a la estrategia integral de seguridad, iniciada por la exjefa de Gobierno y hoy Presidenta, Claudia Sheinbaum Pardo, basada en los ejes Atenci\u00f3n a las Causas, M\u00e1s y Mejor Polic\u00eda, Inteligencia e Investigaci\u00f3n, y Coordinaci\u00f3n con los dem\u00e1s niveles de gobierno.<br><\/p>\n\n\n\n<p>Por ello convoc\u00f3 a los tres niveles de autoridad, la Fiscal\u00eda General de Justicia, poderes Legislativo y Judicial de la Ciudad de M\u00e9xico, a destinar todo el tiempo necesario para establecer estrategias y obtener resultados para seguir con la reducci\u00f3n de los delitos.<\/p>\n","protected":false},"excerpt":{"rendered":"<p>La Jefa de Gobierno asegur\u00f3 que el trabajo conjunto con las 16 alcald\u00edas y el Gobierno de M\u00e9xico permitir\u00e1 continuar con la tendencia a la baja en la incidencia delictiva. La Jefa de Gobierno, Clara Brugada Molina, encabez\u00f3 la instalaci\u00f3n del Gabinete para la Construcci\u00f3n de la Paz, Seguridad Ciudadana y Procuraci\u00f3n de Justicia de [&hellip;]<\/p>\n","protected":false},"author":1,"featured_media":65974,"comment_status":"closed","ping_status":"closed","sticky":false,"template":"","format":"standard","meta":{"footnotes":""},"categories":[35,30],"tags":[],"class_list":["post-65973","post","type-post","status-publish","format-standard","has-post-thumbnail","hentry","category-cdmx","category-destacado"],"_links":{"self":[{"href":"https:\/\/elinformante.mx\/index.php?rest_route=\/wp\/v2\/posts\/65973","targetHints":{"allow":["GET"]}}],"collection":[{"href":"https:\/\/elinformante.mx\/index.php?rest_route=\/wp\/v2\/posts"}],"about":[{"href":"https:\/\/elinformante.mx\/index.php?rest_route=\/wp\/v2\/types\/post"}],"author":[{"embeddable":true,"href":"https:\/\/elinformante.mx\/index.php?rest_route=\/wp\/v2\/users\/1"}],"replies":[{"embeddable":true,"href":"https:\/\/elinformante.mx\/index.php?rest_route=%2Fwp%2Fv2%2Fcomments&post=65973"}],"version-history":[{"count":0,"href":"https:\/\/elinformante.mx\/index.php?rest_route=\/wp\/v2\/posts\/65973\/revisions"}],"wp:featuredmedia":[{"embeddable":true,"href":"https:\/\/elinformante.mx\/index.php?rest_route=\/wp\/v2\/media\/65974"}],"wp:attachment":[{"href":"https:\/\/elinformante.mx\/index.php?rest_route=%2Fwp%2Fv2%2Fmedia&parent=65973"}],"wp:term":[{"taxonomy":"category","embeddable":true,"href":"https:\/\/elinformante.mx\/index.php?rest_route=%2Fwp%2Fv2%2Fcategories&post=65973"},{"taxonomy":"post_tag","embeddable":true,"href":"https:\/\/elinformante.mx\/index.php?rest_route=%2Fwp%2Fv2%2Ftags&post=65973"}],"curies":[{"name":"wp","href":"https:\/\/api.w.org\/{rel}","templated":true}]}}