{"id":65995,"date":"2024-10-08T07:02:19","date_gmt":"2024-10-08T13:02:19","guid":{"rendered":"https:\/\/elinformante.mx\/?p=65995"},"modified":"2024-10-08T07:02:20","modified_gmt":"2024-10-08T13:02:20","slug":"amparos-no-surtiran-efecto-sobre-la-reforma-judicial-sheinbaum","status":"publish","type":"post","link":"https:\/\/elinformante.mx\/?p=65995","title":{"rendered":"AMPAROS NO SURTIR\u00c1N EFECTO SOBRE LA REFORMA JUDICIAL: SHEINBAUM"},"content":{"rendered":"\n<blockquote class=\"wp-block-quote is-layout-flow wp-block-quote-is-layout-flow\">\n<p>Los amparos han sido solicitados por varios actores pol\u00edticos en contra de la reforma, pero de manera especial contra los procesos legislativos en el Congreso de la Uni\u00f3n y los Congresos de los Estados<\/p>\n<\/blockquote>\n\n\n\n<p>La presidenta de la Rep\u00fablica, Claudia Sheinbaum, se pronunci\u00f3 sobre los amparos anunciados por distintos actores pol\u00edticos, que buscan frenar el avance de la Reforma Judicial.<br><\/p>\n\n\n\n<p>Sheinbaum destac\u00f3 que los amparos est\u00e1n dise\u00f1ados para proteger los derechos de las personas, pero record\u00f3 que, tras recientes modificaciones constitucionales a la Ley de Amparo, ya los amparos no surten efecto.<br><\/p>\n\n\n\n<p>\u201cQue no haya amparos. Los amparos son primero para proteger los derechos de las personas. Recientemente hubo una modificaci\u00f3n para que un amparo de una persona no pueda tener impactos generales\u201d, se\u00f1al\u00f3 la presidenta.<br><\/p>\n\n\n\n<figure class=\"wp-block-image size-large\"><img fetchpriority=\"high\" decoding=\"async\" width=\"1024\" height=\"503\" src=\"https:\/\/elinformante.mx\/wp-content\/uploads\/2024\/10\/9AMPAROS-2-1024x503.jpg\" alt=\"\" class=\"wp-image-65997\" srcset=\"https:\/\/elinformante.mx\/wp-content\/uploads\/2024\/10\/9AMPAROS-2-1024x503.jpg 1024w, https:\/\/elinformante.mx\/wp-content\/uploads\/2024\/10\/9AMPAROS-2-300x147.jpg 300w, https:\/\/elinformante.mx\/wp-content\/uploads\/2024\/10\/9AMPAROS-2-768x377.jpg 768w, https:\/\/elinformante.mx\/wp-content\/uploads\/2024\/10\/9AMPAROS-2-580x285.jpg 580w, https:\/\/elinformante.mx\/wp-content\/uploads\/2024\/10\/9AMPAROS-2-860x422.jpg 860w, https:\/\/elinformante.mx\/wp-content\/uploads\/2024\/10\/9AMPAROS-2.jpg 1140w\" sizes=\"(max-width: 1024px) 100vw, 1024px\" \/><\/figure>\n\n\n\n<p>Seg\u00fan dio a conocer esta modificaci\u00f3n \u00fanicamente limita la efectividad de los amparos a casos excepcionales; subraya que la Constituci\u00f3n es la m\u00e1xima de todas las leyes.<br><\/p>\n\n\n\n<p>Adem\u00e1s destac\u00f3 que el Instituto Nacional Electoral (INE) ha instado al Tribunal a continuar con el proceso. \u201cPor eso el INE le dice al tribunal: continuemos, vamos a seguir con la elecci\u00f3n de ministros, jueces y magistrados\u201d.<br><\/p>\n\n\n\n<p>La presidenta ley\u00f3 una publicaci\u00f3n efectuada por el exministro Diego Valad\u00e9s, quien dijo, ha expresado su desacuerdo con la Reforma, pero la presidenta utiliz\u00f3 este ejemplo para argumentar que, a pesar de las cr\u00edticas, la Corte ya no puede poner limitaciones en algo que ya es una reforma constitucional.<br><\/p>\n\n\n\n<figure class=\"wp-block-image size-large\"><img decoding=\"async\" width=\"1024\" height=\"503\" src=\"https:\/\/elinformante.mx\/wp-content\/uploads\/2024\/10\/9AMPAROS-3-1024x503.jpg\" alt=\"\" class=\"wp-image-65998\" srcset=\"https:\/\/elinformante.mx\/wp-content\/uploads\/2024\/10\/9AMPAROS-3-1024x503.jpg 1024w, https:\/\/elinformante.mx\/wp-content\/uploads\/2024\/10\/9AMPAROS-3-300x147.jpg 300w, https:\/\/elinformante.mx\/wp-content\/uploads\/2024\/10\/9AMPAROS-3-768x377.jpg 768w, https:\/\/elinformante.mx\/wp-content\/uploads\/2024\/10\/9AMPAROS-3-580x285.jpg 580w, https:\/\/elinformante.mx\/wp-content\/uploads\/2024\/10\/9AMPAROS-3-860x422.jpg 860w, https:\/\/elinformante.mx\/wp-content\/uploads\/2024\/10\/9AMPAROS-3.jpg 1140w\" sizes=\"(max-width: 1024px) 100vw, 1024px\" \/><\/figure>\n\n\n\n<p>Valadez menciono que ellos sab\u00edan que esto pod\u00eda pasar, sobre todo con la mayor\u00eda calificada en el Congreso, y pas\u00f3. Pero afirm\u00f3 que la salud institucional del pa\u00eds exige sensatez por parte de todos. Es contraproducente desorientar a la sociedad. El contenido de una reforma constitucional NO es impugnable, public\u00f3 en su sitio de X.<br><\/p>\n\n\n\n<p>Tras leer el mensaje, Sheinbaum recalc\u00f3 que \u201cel doctor, que es una persona que no estuvo de acuerdo con la elecci\u00f3n\u201d.<br><\/p>\n\n\n\n<p>Afirm\u00f3 que se atender\u00e1n las leyes secundarias para apuntalar la reforma, y anunci\u00f3 el env\u00edo a la C\u00e1mara de Senadores para su aprobaci\u00f3n de las disposiciones generales para la elecci\u00f3n de jueces, ministros, magistrados.<br><\/p>\n\n\n\n<figure class=\"wp-block-image size-large\"><img decoding=\"async\" width=\"1024\" height=\"503\" src=\"https:\/\/elinformante.mx\/wp-content\/uploads\/2024\/10\/9AMPAROS-4-1024x503.jpg\" alt=\"\" class=\"wp-image-65999\" srcset=\"https:\/\/elinformante.mx\/wp-content\/uploads\/2024\/10\/9AMPAROS-4-1024x503.jpg 1024w, https:\/\/elinformante.mx\/wp-content\/uploads\/2024\/10\/9AMPAROS-4-300x147.jpg 300w, https:\/\/elinformante.mx\/wp-content\/uploads\/2024\/10\/9AMPAROS-4-768x377.jpg 768w, https:\/\/elinformante.mx\/wp-content\/uploads\/2024\/10\/9AMPAROS-4-580x285.jpg 580w, https:\/\/elinformante.mx\/wp-content\/uploads\/2024\/10\/9AMPAROS-4-860x422.jpg 860w, https:\/\/elinformante.mx\/wp-content\/uploads\/2024\/10\/9AMPAROS-4.jpg 1140w\" sizes=\"(max-width: 1024px) 100vw, 1024px\" \/><\/figure>\n\n\n\n<p>Al ser cuestionada sobre el costo de la elecci\u00f3n, Sheinbaum se\u00f1al\u00f3 que todav\u00eda no se informa formalmente, pero se hab\u00eda platicado con la anterior secretaria de Gobernaci\u00f3n sobre una asignaci\u00f3n de alrededor de 5,000 millones de pesos, detall\u00f3.<br><\/p>\n\n\n\n<p>Coment\u00f3 sobre la importancia de definir c\u00f3mo se llevar\u00e1 a cabo la votaci\u00f3n y el dise\u00f1o de las boletas.<br><\/p>\n\n\n\n<p>Finalmente, Sheinbaum subray\u00f3 que hay mucha oportunidad para que quien tenga incluso menos votos pueda llegar a ser juez, por la manera en que se est\u00e1 votando, lo que abre un espacio de discusi\u00f3n sobre la equidad y transparencia en el proceso judicial.<\/p>\n","protected":false},"excerpt":{"rendered":"<p>Los amparos han sido solicitados por varios actores pol\u00edticos en contra de la reforma, pero de manera especial contra los procesos legislativos en el Congreso de la Uni\u00f3n y los Congresos de los Estados La presidenta de la Rep\u00fablica, Claudia Sheinbaum, se pronunci\u00f3 sobre los amparos anunciados por distintos actores pol\u00edticos, que buscan frenar el [&hellip;]<\/p>\n","protected":false},"author":1,"featured_media":65996,"comment_status":"closed","ping_status":"closed","sticky":false,"template":"","format":"standard","meta":{"footnotes":""},"categories":[30,34,31],"tags":[],"class_list":["post-65995","post","type-post","status-publish","format-standard","has-post-thumbnail","hentry","category-destacado","category-nacional","category-portada"],"_links":{"self":[{"href":"https:\/\/elinformante.mx\/index.php?rest_route=\/wp\/v2\/posts\/65995","targetHints":{"allow":["GET"]}}],"collection":[{"href":"https:\/\/elinformante.mx\/index.php?rest_route=\/wp\/v2\/posts"}],"about":[{"href":"https:\/\/elinformante.mx\/index.php?rest_route=\/wp\/v2\/types\/post"}],"author":[{"embeddable":true,"href":"https:\/\/elinformante.mx\/index.php?rest_route=\/wp\/v2\/users\/1"}],"replies":[{"embeddable":true,"href":"https:\/\/elinformante.mx\/index.php?rest_route=%2Fwp%2Fv2%2Fcomments&post=65995"}],"version-history":[{"count":0,"href":"https:\/\/elinformante.mx\/index.php?rest_route=\/wp\/v2\/posts\/65995\/revisions"}],"wp:featuredmedia":[{"embeddable":true,"href":"https:\/\/elinformante.mx\/index.php?rest_route=\/wp\/v2\/media\/65996"}],"wp:attachment":[{"href":"https:\/\/elinformante.mx\/index.php?rest_route=%2Fwp%2Fv2%2Fmedia&parent=65995"}],"wp:term":[{"taxonomy":"category","embeddable":true,"href":"https:\/\/elinformante.mx\/index.php?rest_route=%2Fwp%2Fv2%2Fcategories&post=65995"},{"taxonomy":"post_tag","embeddable":true,"href":"https:\/\/elinformante.mx\/index.php?rest_route=%2Fwp%2Fv2%2Ftags&post=65995"}],"curies":[{"name":"wp","href":"https:\/\/api.w.org\/{rel}","templated":true}]}}