{"id":66948,"date":"2024-10-21T06:35:43","date_gmt":"2024-10-21T12:35:43","guid":{"rendered":"https:\/\/elinformante.mx\/?p=66948"},"modified":"2024-10-21T06:35:44","modified_gmt":"2024-10-21T12:35:44","slug":"realizan-en-san-mateo-atenco-gran-carrera-atletica-de-san-crispin-y-san-crispiniano","status":"publish","type":"post","link":"https:\/\/elinformante.mx\/?p=66948","title":{"rendered":"Realizan en San Mateo Atenco Gran Carrera Atl\u00e9tica de San Crisp\u00edn y San Crispiniano"},"content":{"rendered":"\n<blockquote class=\"wp-block-quote is-layout-flow wp-block-quote-is-layout-flow\">\n<p>Este domingo, decenas de personas participaron en la Gran Carrera Atl\u00e9tica de San Crisp\u00edn y San Crispiniano en San Mateo Atenco, una tradici\u00f3n que rinde homenaje a los patronos de los zapateros.<\/p>\n<\/blockquote>\n\n\n\n<p>El evento inici\u00f3 frente a la explanada municipal Benito Ju\u00e1rez y el Palacio Municipal, donde hombres, mujeres y ni\u00f1os se unieron para competir en las categor\u00edas de 5 y 10 kil\u00f3metros. La justa deportiva destac\u00f3 la participaci\u00f3n de la comunidad zapatera local, una de las principales actividades econ\u00f3micas del municipio.<br><\/p>\n\n\n\n<p>Ana Mu\u00f1iz Neyra, presidenta municipal, encabez\u00f3 la ceremonia de premiaci\u00f3n y expres\u00f3 su gratitud a todos los asistentes, especialmente a los productores de calzado que a\u00f1o con a\u00f1o forman parte de esta celebraci\u00f3n. \u201c\u00a1Muchas felicidades a todos los participantes, de manera especial a las y los productores de calzado que a\u00f1o con a\u00f1o se suman a esta gran carrera! Por el deporte y nuestra industria del calzado, #UnidosS\u00ed\u201d, declar\u00f3.<br><\/p>\n\n\n\n<figure class=\"wp-block-image size-large\"><img fetchpriority=\"high\" decoding=\"async\" width=\"1024\" height=\"503\" src=\"https:\/\/elinformante.mx\/wp-content\/uploads\/2024\/10\/11san-ma-2-1024x503.jpg\" alt=\"\" class=\"wp-image-66951\" srcset=\"https:\/\/elinformante.mx\/wp-content\/uploads\/2024\/10\/11san-ma-2-1024x503.jpg 1024w, https:\/\/elinformante.mx\/wp-content\/uploads\/2024\/10\/11san-ma-2-300x147.jpg 300w, https:\/\/elinformante.mx\/wp-content\/uploads\/2024\/10\/11san-ma-2-768x377.jpg 768w, https:\/\/elinformante.mx\/wp-content\/uploads\/2024\/10\/11san-ma-2-580x285.jpg 580w, https:\/\/elinformante.mx\/wp-content\/uploads\/2024\/10\/11san-ma-2-860x422.jpg 860w, https:\/\/elinformante.mx\/wp-content\/uploads\/2024\/10\/11san-ma-2.jpg 1140w\" sizes=\"(max-width: 1024px) 100vw, 1024px\" \/><\/figure>\n\n\n\n<p>La carrera honra a San Crisp\u00edn y San Crispiniano, santos que son venerados cada 25 de octubre. Estos hermanos cristianos, perseguidos en Roma durante el siglo III, se refugiaron en Soissons, donde predicaban de d\u00eda y confeccionaban zapatos de noche para ganarse la vida.<br><\/p>\n\n\n\n<p>San Mateo Atenco es conocido por su s\u00f3lida tradici\u00f3n en la producci\u00f3n de calzado, destacando por la calidad de sus productos, que abarcan desde calzado escolar hasta botas y zapatillas. Esta industria ha alcanzado un reconocimiento a nivel estatal, nacional e incluso internacional, consolid\u00e1ndose como un pilar econ\u00f3mico del municipio.<\/p>\n","protected":false},"excerpt":{"rendered":"<p>Este domingo, decenas de personas participaron en la Gran Carrera Atl\u00e9tica de San Crisp\u00edn y San Crispiniano en San Mateo Atenco, una tradici\u00f3n que rinde homenaje a los patronos de los zapateros. El evento inici\u00f3 frente a la explanada municipal Benito Ju\u00e1rez y el Palacio Municipal, donde hombres, mujeres y ni\u00f1os se unieron para competir [&hellip;]<\/p>\n","protected":false},"author":1,"featured_media":66950,"comment_status":"closed","ping_status":"closed","sticky":false,"template":"","format":"standard","meta":{"footnotes":""},"categories":[36],"tags":[],"class_list":["post-66948","post","type-post","status-publish","format-standard","has-post-thumbnail","hentry","category-edomex"],"_links":{"self":[{"href":"https:\/\/elinformante.mx\/index.php?rest_route=\/wp\/v2\/posts\/66948","targetHints":{"allow":["GET"]}}],"collection":[{"href":"https:\/\/elinformante.mx\/index.php?rest_route=\/wp\/v2\/posts"}],"about":[{"href":"https:\/\/elinformante.mx\/index.php?rest_route=\/wp\/v2\/types\/post"}],"author":[{"embeddable":true,"href":"https:\/\/elinformante.mx\/index.php?rest_route=\/wp\/v2\/users\/1"}],"replies":[{"embeddable":true,"href":"https:\/\/elinformante.mx\/index.php?rest_route=%2Fwp%2Fv2%2Fcomments&post=66948"}],"version-history":[{"count":0,"href":"https:\/\/elinformante.mx\/index.php?rest_route=\/wp\/v2\/posts\/66948\/revisions"}],"wp:featuredmedia":[{"embeddable":true,"href":"https:\/\/elinformante.mx\/index.php?rest_route=\/wp\/v2\/media\/66950"}],"wp:attachment":[{"href":"https:\/\/elinformante.mx\/index.php?rest_route=%2Fwp%2Fv2%2Fmedia&parent=66948"}],"wp:term":[{"taxonomy":"category","embeddable":true,"href":"https:\/\/elinformante.mx\/index.php?rest_route=%2Fwp%2Fv2%2Fcategories&post=66948"},{"taxonomy":"post_tag","embeddable":true,"href":"https:\/\/elinformante.mx\/index.php?rest_route=%2Fwp%2Fv2%2Ftags&post=66948"}],"curies":[{"name":"wp","href":"https:\/\/api.w.org\/{rel}","templated":true}]}}