{"id":66986,"date":"2024-10-21T07:08:00","date_gmt":"2024-10-21T13:08:00","guid":{"rendered":"https:\/\/elinformante.mx\/?p=66986"},"modified":"2024-10-21T07:08:01","modified_gmt":"2024-10-21T13:08:01","slug":"disfrutaron-mas-de-630-mil-personas-el-16o-desfile-y-concurso-de-alebrijes-monumentales-de-la-cdmx","status":"publish","type":"post","link":"https:\/\/elinformante.mx\/?p=66986","title":{"rendered":"Disfrutaron m\u00e1s de 630 mil personas el 16\u00ba Desfile y Concurso de Alebrijes Monumentales de la CDMX"},"content":{"rendered":"\n<blockquote class=\"wp-block-quote is-layout-flow wp-block-quote-is-layout-flow\">\n<p>El Paseo de la Reforma fue lleno de criaturas de vibrantes colores, salidas de la imaginaci\u00f3n, sue\u00f1os y leyendas mexicanas creadas por artesanos del Edom\u00e9x, CDMX, Guerrero, Guanajuato, Hidalgo, Jalisco, Morelos, San Luis Potos\u00ed y Tlaxcala.<\/p>\n<\/blockquote>\n\n\n\n<p>M\u00e1s de 630 mil personas asistieron este s\u00e1bado al 16\u00b0 Desfile y Concurso de Alebrijes Monumentales 2024, organizado por el Museo de Arte Popular (MAP), recinto perteneciente a la Secretar\u00eda de Cultura de la Ciudad de M\u00e9xico, en el que 185 creaciones art\u00edsticas realizadas por artesanos de diversos estados del pa\u00eds desfilaron del Z\u00f3calo a la Glorieta del \u00c1ngel de la Independencia.<br><\/p>\n\n\n\n<p>Esta celebraci\u00f3n que busca preservar y fomentar el arte popular arranc\u00f3 por la Avenida 5 de Mayo ante miles de ni\u00f1as, ni\u00f1os, j\u00f3venes, adultos y adultos mayores y la ambientaci\u00f3n de la Banda de M\u00fasica del Cuartel General del Alto Mando de la Secretar\u00eda de Marina, seguido por diversas criaturas coloridas y extra\u00f1as, animales fant\u00e1sticos, personajes salidos de los sue\u00f1os, la imaginaci\u00f3n y de las leyendas.<br><\/p>\n\n\n\n<p>Los alebrijes monumentales fueron realizados con diversas t\u00e9cnicas y materiales como papel mach\u00e9, cart\u00f3n, madera, plumas y colores vivos por diversos artesanos y colectivos del Estado de M\u00e9xico, Ciudad de M\u00e9xico, Guerrero, Guanajuato, Hidalgo, Jalisco, Morelos, San Luis Potos\u00ed y Tlaxcala.<br><\/p>\n\n\n\n<p>A lo largo de la fiesta, que continu\u00f3 por avenida Ju\u00e1rez y Paseo de la Reforma, hasta la Glorieta de la Columna de la Independencia, los asistentes disfrutaron de criaturas alegres de colores vibrantes con formas aladas, garras, colmillos, colas, m\u00faltiples cabezas.<br><\/p>\n\n\n\n<p>As\u00ed como alebrijes con apariencia de animales mexicanos como tlacuaches, tecolotes, ajolotes, colibr\u00edes y mariposas, o imaginarios como los dragones y pegasos. Incluso, unos m\u00e1s representaban a dioses prehisp\u00e1nicos.<br><\/p>\n\n\n\n<p>Igualmente, los asistentes nacionales y extranjeros disfrutaron del desfile de comparsas, de charros, chinelos y catrinas. Adem\u00e1s de bailes regionales, bandas de m\u00fasica y grupos de danza de diversas escuelas, dependencias y centros culturales.<br><\/p>\n\n\n\n<p>Los alebrijes permanecer\u00e1n en las aceras norte y sur de Paseo de la Reforma, entre la Columna de la Independencia y la calle de Lieja, a unos pasos de la Estela de Luz, hasta las 20:00 horas del domingo 3 de noviembre.<br><\/p>\n\n\n\n<p>Esta edici\u00f3n aument\u00f3 el premio para los ganadores, ya que los tres primeros lugares recibir\u00e1n un est\u00edmulo econ\u00f3mico indivisible de 70, 50 y 40 mil pesos, respectivamente. Adem\u00e1s, se otorga tambi\u00e9n un incentivo econ\u00f3mico de 10 mil pesos a once obras con menci\u00f3n. La ceremonia de premiaci\u00f3n ser\u00e1 el s\u00e1bado 26 de octubre, a las 18:00 horas, en el MAP.<br><\/p>\n\n\n\n<p>Cabe recordar que la invenci\u00f3n de los alebrijes se le atribuye al artesano cartonero Pedro Linares L\u00f3pez, nacido en junio de 1906 en la Ciudad de M\u00e9xico, cuando tras caer enfermo tuvo un sue\u00f1o lleno de criaturas extra\u00f1as, las cuales fueron llevadas a la realidad tras recuperar la salud.<br><\/p>\n\n\n\n<p>Los alebrijes originales de Linares son reconocidos como Patrimonio Cultural de la Ciudad de M\u00e9xico. En ellos convergen cuatro elementos de la naturaleza, como el aire, representado por alas o colas de aves; el fuego, a trav\u00e9s de lenguas viperinas; el agua con las aletas o escamas; en la tierra puede estar presente en las orejas, ojos o narices.<\/p>\n","protected":false},"excerpt":{"rendered":"<p>El Paseo de la Reforma fue lleno de criaturas de vibrantes colores, salidas de la imaginaci\u00f3n, sue\u00f1os y leyendas mexicanas creadas por artesanos del Edom\u00e9x, CDMX, Guerrero, Guanajuato, Hidalgo, Jalisco, Morelos, San Luis Potos\u00ed y Tlaxcala. M\u00e1s de 630 mil personas asistieron este s\u00e1bado al 16\u00b0 Desfile y Concurso de Alebrijes Monumentales 2024, organizado por [&hellip;]<\/p>\n","protected":false},"author":1,"featured_media":66987,"comment_status":"closed","ping_status":"closed","sticky":false,"template":"","format":"standard","meta":{"footnotes":""},"categories":[35],"tags":[],"class_list":["post-66986","post","type-post","status-publish","format-standard","has-post-thumbnail","hentry","category-cdmx"],"_links":{"self":[{"href":"https:\/\/elinformante.mx\/index.php?rest_route=\/wp\/v2\/posts\/66986","targetHints":{"allow":["GET"]}}],"collection":[{"href":"https:\/\/elinformante.mx\/index.php?rest_route=\/wp\/v2\/posts"}],"about":[{"href":"https:\/\/elinformante.mx\/index.php?rest_route=\/wp\/v2\/types\/post"}],"author":[{"embeddable":true,"href":"https:\/\/elinformante.mx\/index.php?rest_route=\/wp\/v2\/users\/1"}],"replies":[{"embeddable":true,"href":"https:\/\/elinformante.mx\/index.php?rest_route=%2Fwp%2Fv2%2Fcomments&post=66986"}],"version-history":[{"count":0,"href":"https:\/\/elinformante.mx\/index.php?rest_route=\/wp\/v2\/posts\/66986\/revisions"}],"wp:featuredmedia":[{"embeddable":true,"href":"https:\/\/elinformante.mx\/index.php?rest_route=\/wp\/v2\/media\/66987"}],"wp:attachment":[{"href":"https:\/\/elinformante.mx\/index.php?rest_route=%2Fwp%2Fv2%2Fmedia&parent=66986"}],"wp:term":[{"taxonomy":"category","embeddable":true,"href":"https:\/\/elinformante.mx\/index.php?rest_route=%2Fwp%2Fv2%2Fcategories&post=66986"},{"taxonomy":"post_tag","embeddable":true,"href":"https:\/\/elinformante.mx\/index.php?rest_route=%2Fwp%2Fv2%2Ftags&post=66986"}],"curies":[{"name":"wp","href":"https:\/\/api.w.org\/{rel}","templated":true}]}}