{"id":67788,"date":"2024-10-30T06:40:43","date_gmt":"2024-10-30T12:40:43","guid":{"rendered":"https:\/\/elinformante.mx\/?p=67788"},"modified":"2024-10-30T06:40:44","modified_gmt":"2024-10-30T12:40:44","slug":"janecarlo-lozano-promete-retirar-autos-abandonados-en-la-gustavo-a-madero","status":"publish","type":"post","link":"https:\/\/elinformante.mx\/?p=67788","title":{"rendered":"Janecarlo Lozano promete retirar autos abandonados en la Gustavo A. Madero"},"content":{"rendered":"\n<blockquote class=\"wp-block-quote is-layout-flow wp-block-quote-is-layout-flow\">\n<p>Se realizar\u00e1n estas acciones para evitar que algunas zonas de la alcald\u00eda se conviertan en focos de infecci\u00f3n y sitios vulnerables para cometer delitos.<\/p>\n<\/blockquote>\n\n\n\n<p>Los autos abandonados en la v\u00eda p\u00fablica de la alcald\u00eda Gustavo A Madero ser\u00e1n remitidos a los corralones de la Secretar\u00eda de Seguridad Ciudadana (SSC) de la CDMX para evitar que se conviertan en focos de infecci\u00f3n y sitios vulnerables para cometer un delito, as\u00ed lo inform\u00f3 el alcalde Janecarlo Lozano.<br><\/p>\n\n\n\n<p>Al encabezar un operativo policiaco en la colonia San Felipe de Jes\u00fas donde participaron elementos de la SSC, la Guardia Nacional (GN) y la Polic\u00eda de Investigaci\u00f3n (PDI) el mandatario se\u00f1al\u00f3 que este tipo de unidades se han convertido en un problema de salud, por lo que es necesario recuperar el espacio.<br><\/p>\n\n\n\n<p>Inform\u00f3 que se colocar\u00e1n l\u00e1mparas nuevas, c\u00e1maras de vigilancia, buscando que no existan ninguna calle obscura, que no existan calles intransitables y que los vecinos puedan ser due\u00f1os del espacio p\u00fablico.<br><\/p>\n\n\n\n<figure class=\"wp-block-image size-large\"><img fetchpriority=\"high\" decoding=\"async\" width=\"1024\" height=\"503\" src=\"https:\/\/elinformante.mx\/wp-content\/uploads\/2024\/10\/6janecarlo-2-1-1024x503.jpg\" alt=\"\" class=\"wp-image-67790\" srcset=\"https:\/\/elinformante.mx\/wp-content\/uploads\/2024\/10\/6janecarlo-2-1-1024x503.jpg 1024w, https:\/\/elinformante.mx\/wp-content\/uploads\/2024\/10\/6janecarlo-2-1-300x147.jpg 300w, https:\/\/elinformante.mx\/wp-content\/uploads\/2024\/10\/6janecarlo-2-1-768x377.jpg 768w, https:\/\/elinformante.mx\/wp-content\/uploads\/2024\/10\/6janecarlo-2-1-580x285.jpg 580w, https:\/\/elinformante.mx\/wp-content\/uploads\/2024\/10\/6janecarlo-2-1-860x422.jpg 860w, https:\/\/elinformante.mx\/wp-content\/uploads\/2024\/10\/6janecarlo-2-1.jpg 1140w\" sizes=\"(max-width: 1024px) 100vw, 1024px\" \/><\/figure>\n\n\n\n<p>Durante el operativo donde participaron 16 patrullas, 20 motopatrullas y 94 elementos de seguridad, se realizaron recorridos de revisi\u00f3n en el cuadrante de las avenidas Valle Alto, hasta Le\u00f3n de los Aldamas y del R\u00edo de los Remedios hasta Villa de Ayala para ubicar los puntos de inter\u00e9s y verificarlos de manera constante.<br><\/p>\n\n\n\n<p>Adem\u00e1s, con ayuda de las gr\u00faas de la Subsecretar\u00eda de Tr\u00e1nsito se pudieron retirar los veh\u00edculos en mal estado. Todo ello luego de que los polic\u00edas recibieron la instrucci\u00f3n de apercibir a los due\u00f1os de un veh\u00edculo abandonado en la v\u00eda p\u00fablica para que sea retirado a la brevedad y, de no hacerlo, en un lapso de tres d\u00edas, la unidad ser\u00e1 remolcada a uno de los corralones de la SSC.<br><\/p>\n\n\n\n<p>El Comisionado General en Seguridad Ciudadana en GAM, Abraham Borden, indic\u00f3 que para recuperar el veh\u00edculo, sus due\u00f1os deber\u00e1n acreditar su propiedad, pagar las multas y tenencias correspondientes. Cabe destacar que \u00e9l por el momento solo se trata de un llamado a la ciudadan\u00eda, si el auto no es retirado, los due\u00f1os ser\u00e1n acreedores a una sanci\u00f3n.<\/p>\n","protected":false},"excerpt":{"rendered":"<p>Se realizar\u00e1n estas acciones para evitar que algunas zonas de la alcald\u00eda se conviertan en focos de infecci\u00f3n y sitios vulnerables para cometer delitos. Los autos abandonados en la v\u00eda p\u00fablica de la alcald\u00eda Gustavo A Madero ser\u00e1n remitidos a los corralones de la Secretar\u00eda de Seguridad Ciudadana (SSC) de la CDMX para evitar que [&hellip;]<\/p>\n","protected":false},"author":1,"featured_media":67789,"comment_status":"closed","ping_status":"closed","sticky":false,"template":"","format":"standard","meta":{"footnotes":""},"categories":[35],"tags":[],"class_list":["post-67788","post","type-post","status-publish","format-standard","has-post-thumbnail","hentry","category-cdmx"],"_links":{"self":[{"href":"https:\/\/elinformante.mx\/index.php?rest_route=\/wp\/v2\/posts\/67788","targetHints":{"allow":["GET"]}}],"collection":[{"href":"https:\/\/elinformante.mx\/index.php?rest_route=\/wp\/v2\/posts"}],"about":[{"href":"https:\/\/elinformante.mx\/index.php?rest_route=\/wp\/v2\/types\/post"}],"author":[{"embeddable":true,"href":"https:\/\/elinformante.mx\/index.php?rest_route=\/wp\/v2\/users\/1"}],"replies":[{"embeddable":true,"href":"https:\/\/elinformante.mx\/index.php?rest_route=%2Fwp%2Fv2%2Fcomments&post=67788"}],"version-history":[{"count":0,"href":"https:\/\/elinformante.mx\/index.php?rest_route=\/wp\/v2\/posts\/67788\/revisions"}],"wp:featuredmedia":[{"embeddable":true,"href":"https:\/\/elinformante.mx\/index.php?rest_route=\/wp\/v2\/media\/67789"}],"wp:attachment":[{"href":"https:\/\/elinformante.mx\/index.php?rest_route=%2Fwp%2Fv2%2Fmedia&parent=67788"}],"wp:term":[{"taxonomy":"category","embeddable":true,"href":"https:\/\/elinformante.mx\/index.php?rest_route=%2Fwp%2Fv2%2Fcategories&post=67788"},{"taxonomy":"post_tag","embeddable":true,"href":"https:\/\/elinformante.mx\/index.php?rest_route=%2Fwp%2Fv2%2Ftags&post=67788"}],"curies":[{"name":"wp","href":"https:\/\/api.w.org\/{rel}","templated":true}]}}