{"id":67796,"date":"2024-10-30T06:45:09","date_gmt":"2024-10-30T12:45:09","guid":{"rendered":"https:\/\/elinformante.mx\/?p=67796"},"modified":"2024-10-30T06:45:10","modified_gmt":"2024-10-30T12:45:10","slug":"algunos-centros-de-verificacion-vehicular-tendran-horarios-especiales-este-1-y-2-noviembre","status":"publish","type":"post","link":"https:\/\/elinformante.mx\/?p=67796","title":{"rendered":"Algunos centros de Verificaci\u00f3n vehicular tendr\u00e1n horarios especiales este 1 y 2 noviembre"},"content":{"rendered":"\n<blockquote class=\"wp-block-quote is-layout-flow wp-block-quote-is-layout-flow\">\n<p>Las actividades en el \u00e1rea de Atenci\u00f3n Ciudadana de Verificaci\u00f3n Vehicular (AAC) se reanudar\u00e1n el lunes 4 de noviembre, en su horario habitual, de lunes a viernes de 9:00 a 14:00 horas.<\/p>\n<\/blockquote>\n\n\n\n<p>La Secretar\u00eda del Medio Ambiente (SEDEMA) de la Ciudad de M\u00e9xico, a trav\u00e9s de la Direcci\u00f3n General de Calidad del Aire, informa a los usuarios que el viernes 1 de noviembre se suspender\u00e1 la operaci\u00f3n en el \u00e1rea de Atenci\u00f3n Ciudadana de Verificaci\u00f3n Vehicular (AAC) debido a que, conforme a la legislaci\u00f3n vigente, es un d\u00eda no laborable. Las actividades en el \u00e1rea de Atenci\u00f3n Ciudadana de Verificaci\u00f3n Vehicular (AAC) se reanudar\u00e1n el lunes 4 de noviembre, en su horario habitual, de lunes a viernes de 9:00 a 14:00 horas.<br><\/p>\n\n\n\n<p>Con relaci\u00f3n a los Centros de Verificaci\u00f3n Vehicular, el 1 de noviembre habr\u00e1 horario especial, de 8:00 a 14:00 horas y el 2 de noviembre permanecer\u00e1n cerrados; las actividades regresar\u00e1n a su normalidad el lunes 4 de noviembre, en su horario establecido, de lunes a s\u00e1bado de 8:00 a 20:00 horas.<br><\/p>\n\n\n\n<p>Ante cualquier duda o aclaraci\u00f3n, la Direcci\u00f3n General de Calidad del Aire invita a la ciudadan\u00eda a enviar un correo electr\u00f3nico a los correos: infoverificacionvehicularcdmx@gmail.com, hoynocircula@sedema.cdmx.gob.mx y paseturistico@cdmx.gob.mx.<\/p>\n","protected":false},"excerpt":{"rendered":"<p>Las actividades en el \u00e1rea de Atenci\u00f3n Ciudadana de Verificaci\u00f3n Vehicular (AAC) se reanudar\u00e1n el lunes 4 de noviembre, en su horario habitual, de lunes a viernes de 9:00 a 14:00 horas. La Secretar\u00eda del Medio Ambiente (SEDEMA) de la Ciudad de M\u00e9xico, a trav\u00e9s de la Direcci\u00f3n General de Calidad del Aire, informa a [&hellip;]<\/p>\n","protected":false},"author":1,"featured_media":67797,"comment_status":"closed","ping_status":"closed","sticky":false,"template":"","format":"standard","meta":{"footnotes":""},"categories":[35],"tags":[],"class_list":["post-67796","post","type-post","status-publish","format-standard","has-post-thumbnail","hentry","category-cdmx"],"_links":{"self":[{"href":"https:\/\/elinformante.mx\/index.php?rest_route=\/wp\/v2\/posts\/67796","targetHints":{"allow":["GET"]}}],"collection":[{"href":"https:\/\/elinformante.mx\/index.php?rest_route=\/wp\/v2\/posts"}],"about":[{"href":"https:\/\/elinformante.mx\/index.php?rest_route=\/wp\/v2\/types\/post"}],"author":[{"embeddable":true,"href":"https:\/\/elinformante.mx\/index.php?rest_route=\/wp\/v2\/users\/1"}],"replies":[{"embeddable":true,"href":"https:\/\/elinformante.mx\/index.php?rest_route=%2Fwp%2Fv2%2Fcomments&post=67796"}],"version-history":[{"count":0,"href":"https:\/\/elinformante.mx\/index.php?rest_route=\/wp\/v2\/posts\/67796\/revisions"}],"wp:featuredmedia":[{"embeddable":true,"href":"https:\/\/elinformante.mx\/index.php?rest_route=\/wp\/v2\/media\/67797"}],"wp:attachment":[{"href":"https:\/\/elinformante.mx\/index.php?rest_route=%2Fwp%2Fv2%2Fmedia&parent=67796"}],"wp:term":[{"taxonomy":"category","embeddable":true,"href":"https:\/\/elinformante.mx\/index.php?rest_route=%2Fwp%2Fv2%2Fcategories&post=67796"},{"taxonomy":"post_tag","embeddable":true,"href":"https:\/\/elinformante.mx\/index.php?rest_route=%2Fwp%2Fv2%2Ftags&post=67796"}],"curies":[{"name":"wp","href":"https:\/\/api.w.org\/{rel}","templated":true}]}}