{"id":67799,"date":"2024-10-30T06:46:32","date_gmt":"2024-10-30T12:46:32","guid":{"rendered":"https:\/\/elinformante.mx\/?p=67799"},"modified":"2024-10-30T06:46:33","modified_gmt":"2024-10-30T12:46:33","slug":"clara-brugada-encabeza-el-lanzamiento-del-sistema-publico-de-cuidados-de-la-cdmx","status":"publish","type":"post","link":"https:\/\/elinformante.mx\/?p=67799","title":{"rendered":"Clara Brugada encabeza el lanzamiento del Sistema P\u00fablico de Cuidados de la CDMX"},"content":{"rendered":"\n<blockquote class=\"wp-block-quote is-layout-flow wp-block-quote-is-layout-flow\">\n<p>La mandataria asegur\u00f3 se crear\u00e1n 200 centros de cuidado infantil, 200 lavander\u00edas y 200 comedores comunitarios, una parte de estos en las 100 UTOP\u00cdAS que tambi\u00e9n se van a construir.<\/p>\n<\/blockquote>\n\n\n\n<p>La jefa de Gobierno, Clara Brugada Molina, encabez\u00f3 el lanzamiento del Sistema P\u00fablico de Cuidados de la Ciudad de M\u00e9xico, que contar\u00e1 con una inversi\u00f3n anual de 10 mil millones de pesos para crear infraestructura e implementar programas enfocados en revalorar, reducir el tiempo y esfuerzo dedicado a este trabajo que de manera desigual se ha concentrado en las mujeres, as\u00ed como redistribuir dicha labor entre gobierno, empresas y comunidad.<br><\/p>\n\n\n\n<p>\u201cQueremos romper con este tipo de estereotipos y el gran objetivo es que construyamos una ciudad cuidadora, una ciudad que cuide a las que hist\u00f3ricamente nos han cuidado, una ciudad que ponga \u00e9nfasis en combatir desigualdades entre hombres y mujeres y, sobre todo, que derribe los obst\u00e1culos y las barreras que impiden que las mujeres puedan jugar los mismos roles en su vida que pueden jugar los hombres\u201d, sostuvo.<br><\/p>\n\n\n\n<p>En el marco del D\u00eda Internacional de los Cuidados y el Apoyo, la mandataria detall\u00f3 que el Sistema P\u00fablico en la materia va por desfeminizar estas tareas.<br><\/p>\n\n\n\n<p>Clara Brugada detall\u00f3 que para atender a las infancias se crear\u00e1n 200 centros de cuidado y desarrollo infantil la mitad se ubicar\u00e1 en las 100 UTOP\u00cdAS que tambi\u00e9n se van a construir y la otra parte en los PILARES y otros espacios; formaci\u00f3n de cooperativas para Cuneros Comunitarios (CUCOS) e implementaci\u00f3n del programa \u201cDesde la cuna\u201d, con apoyo econ\u00f3mico y seguimiento nutricional a ni\u00f1as y ni\u00f1os de cero a tres a\u00f1os.<br><\/p>\n\n\n\n<p>Entre otras medidas, se gestionar\u00e1 con la Autoridad Educativa Federal en la Ciudad de M\u00e9xico (AEFCM) la creaci\u00f3n de m\u00e1s escuelas de tiempo completo y un programa masivo de clases y actividades extraescolares para las y los estudiantes de nivel b\u00e1sico.<br><\/p>\n\n\n\n<figure class=\"wp-block-image size-large\"><img fetchpriority=\"high\" decoding=\"async\" width=\"1024\" height=\"503\" src=\"https:\/\/elinformante.mx\/wp-content\/uploads\/2024\/10\/5clara-5-1024x503.jpeg\" alt=\"\" class=\"wp-image-67801\" srcset=\"https:\/\/elinformante.mx\/wp-content\/uploads\/2024\/10\/5clara-5-1024x503.jpeg 1024w, https:\/\/elinformante.mx\/wp-content\/uploads\/2024\/10\/5clara-5-300x147.jpeg 300w, https:\/\/elinformante.mx\/wp-content\/uploads\/2024\/10\/5clara-5-768x377.jpeg 768w, https:\/\/elinformante.mx\/wp-content\/uploads\/2024\/10\/5clara-5-580x285.jpeg 580w, https:\/\/elinformante.mx\/wp-content\/uploads\/2024\/10\/5clara-5-860x422.jpeg 860w, https:\/\/elinformante.mx\/wp-content\/uploads\/2024\/10\/5clara-5.jpeg 1140w\" sizes=\"(max-width: 1024px) 100vw, 1024px\" \/><\/figure>\n\n\n\n<p>Clara Brugada, resalt\u00f3 que en el caso de las adolescencias, el Sistema P\u00fablico de Cuidados incluye un programa amplio e integral en salud mental, as\u00ed como programas de prevenci\u00f3n de embarazo adolescente y talleres sobre salud sexual y reproductiva.<br><\/p>\n\n\n\n<p>Para las personas con discapacidad se habilitar\u00e1n centros de rehabilitaci\u00f3n, un nuevo modelo de atenci\u00f3n en instalaciones del Sistema para el Desarrollo Integral de la Familia (DIF) y otros espacios, as\u00ed como estrategias de accesibilidad universal en el espacio p\u00fablico, escuelas y transporte.<br><\/p>\n\n\n\n<p>En cuanto a las y los adultos mayores, la mandataria se\u00f1al\u00f3 que el Gobierno capitalino habilitar\u00e1 casas de d\u00eda para el bienestar de esta poblaci\u00f3n; realizar\u00e1 seguimiento de salud f\u00edsica y mental, y edificar\u00e1 residencias con \u00e9nfasis en las personas mayores que est\u00e1n solas y no tienen donde vivir.<br><\/p>\n\n\n\n<p>La jefa de Gobierno dijo que se promover\u00e1 un programa de salud preventiva casa por casa, as\u00ed como la creaci\u00f3n de espacios con m\u00e9dico general, atenci\u00f3n psicol\u00f3gica, dental, nutricional, ginecolog\u00eda, pediatr\u00eda, geriatr\u00eda, as\u00ed como servicios de mastograf\u00eda y laboratorios cl\u00ednicos. A su vez, la administraci\u00f3n local construir\u00e1 unidades de servicios para la vida cotidiana, entre ellas, 200 lavander\u00edas p\u00fablicas y 200 comedores comunitarios.<br><\/p>\n\n\n\n<p>Otro eje consiste en instaurar la escuela de las nuevas masculinidades, con talleres para generar conciencia de la importancia de las tareas de cuidados y los roles en la familia.<br><\/p>\n\n\n\n<p>La mandataria precis\u00f3 que hay diversos programas como la Pensi\u00f3n de Adultos mayores a nivel federal u otras acciones locales que ya formaban parte del Sistema de Cuidados, y adelant\u00f3 que su administraci\u00f3n trabajar\u00e1 en una propuesta de ley que garantice el derecho al cuidado, establecido en la Constituci\u00f3n de la Ciudad de M\u00e9xico, adem\u00e1s de precisar las atribuciones del gobierno local y las alcald\u00edas, entre otros rubros.<\/p>\n","protected":false},"excerpt":{"rendered":"<p>La mandataria asegur\u00f3 se crear\u00e1n 200 centros de cuidado infantil, 200 lavander\u00edas y 200 comedores comunitarios, una parte de estos en las 100 UTOP\u00cdAS que tambi\u00e9n se van a construir. La jefa de Gobierno, Clara Brugada Molina, encabez\u00f3 el lanzamiento del Sistema P\u00fablico de Cuidados de la Ciudad de M\u00e9xico, que contar\u00e1 con una inversi\u00f3n [&hellip;]<\/p>\n","protected":false},"author":1,"featured_media":67800,"comment_status":"closed","ping_status":"closed","sticky":false,"template":"","format":"standard","meta":{"footnotes":""},"categories":[35,30],"tags":[],"class_list":["post-67799","post","type-post","status-publish","format-standard","has-post-thumbnail","hentry","category-cdmx","category-destacado"],"_links":{"self":[{"href":"https:\/\/elinformante.mx\/index.php?rest_route=\/wp\/v2\/posts\/67799","targetHints":{"allow":["GET"]}}],"collection":[{"href":"https:\/\/elinformante.mx\/index.php?rest_route=\/wp\/v2\/posts"}],"about":[{"href":"https:\/\/elinformante.mx\/index.php?rest_route=\/wp\/v2\/types\/post"}],"author":[{"embeddable":true,"href":"https:\/\/elinformante.mx\/index.php?rest_route=\/wp\/v2\/users\/1"}],"replies":[{"embeddable":true,"href":"https:\/\/elinformante.mx\/index.php?rest_route=%2Fwp%2Fv2%2Fcomments&post=67799"}],"version-history":[{"count":0,"href":"https:\/\/elinformante.mx\/index.php?rest_route=\/wp\/v2\/posts\/67799\/revisions"}],"wp:featuredmedia":[{"embeddable":true,"href":"https:\/\/elinformante.mx\/index.php?rest_route=\/wp\/v2\/media\/67800"}],"wp:attachment":[{"href":"https:\/\/elinformante.mx\/index.php?rest_route=%2Fwp%2Fv2%2Fmedia&parent=67799"}],"wp:term":[{"taxonomy":"category","embeddable":true,"href":"https:\/\/elinformante.mx\/index.php?rest_route=%2Fwp%2Fv2%2Fcategories&post=67799"},{"taxonomy":"post_tag","embeddable":true,"href":"https:\/\/elinformante.mx\/index.php?rest_route=%2Fwp%2Fv2%2Ftags&post=67799"}],"curies":[{"name":"wp","href":"https:\/\/api.w.org\/{rel}","templated":true}]}}