{"id":67845,"date":"2024-10-31T05:59:48","date_gmt":"2024-10-31T11:59:48","guid":{"rendered":"https:\/\/elinformante.mx\/?p=67845"},"modified":"2024-10-31T05:59:49","modified_gmt":"2024-10-31T11:59:49","slug":"son-detenidos-dos-sujetos-acusados-de-feminicidio-y-feminicidio-en-grado-de-tentativa","status":"publish","type":"post","link":"https:\/\/elinformante.mx\/?p=67845","title":{"rendered":"Son detenidos dos sujetos acusados de feminicidio y feminicidio en grado de tentativa"},"content":{"rendered":"\n<blockquote class=\"wp-block-quote is-layout-flow wp-block-quote-is-layout-flow\">\n<p>Uno de los detenidos fue capturado en el municipio de Cuautitl\u00e1n Izcalli y otro en Toluca.<\/p>\n<\/blockquote>\n\n\n\n<p>Resultado de acciones distintas, agentes de la FGJEM y elementos de la SSPC cumplimentaron \u00f3rdenes de aprehensi\u00f3n contra dos individuos, uno de ellos investigado por su probable intervenci\u00f3n en el delito de feminicidio y otro indagado por feminicidio en grado de tentativa.<br><\/p>\n\n\n\n<p>Elementos aprehendieron en el municipio de Cuautitl\u00e1n Izcalli a Jairo \u201cN\u201d, quien de acuerdo con indagatorias de la FGJEM, el pasado 25 de octubre habr\u00eda privado de la vida a una joven de 20 a\u00f1os, quien era su ex pareja sentimental.<br><\/p>\n\n\n\n<p>Ese d\u00eda, la v\u00edctima y el probable implicado se encontraban en la calle Cerrada de Cipreses, colonia Santa Rosa de Lima, en el municipio de Cuautitl\u00e1n Izcalli, donde en alg\u00fan momento este individuo la habr\u00eda atacado con un objeto punzocortante, ocasion\u00e1ndole lesiones, por ello fue trasladada a un hospital de la zona para recibir atenci\u00f3n m\u00e9dica, no obstante, falleci\u00f3 derivado de las lesiones que present\u00f3.<br><\/p>\n\n\n\n<p>Agentes de la Fiscal\u00eda aprehendieron por feminicidio en grado de tentativa, a Javier \u201cN\u201d, individuo que el pasado 18 de abril habr\u00eda intentado privar de la vida a su ex pareja sentimental en una vivienda de la colonia San Crist\u00f3bal Huichochitl\u00e1n, en la capital mexiquense.<br><\/p>\n\n\n\n<p>Javier \u201cN\u201d presumiblemente agredi\u00f3 f\u00edsicamente a la v\u00edctima y luego le coloc\u00f3 un lazo en el cuello con la intenci\u00f3n de asfixiarla, sin embargo, esta mujer de 42 a\u00f1os, solicit\u00f3 ayuda, por lo que al lugar arrib\u00f3 un vecino quien la auxili\u00f3, en tanto que el posible implicado huy\u00f3.<br><\/p>\n\n\n\n<p>Los aprehendidos fueron ingresados a Centros Penitenciarios y de Reinserci\u00f3n Social, a disposici\u00f3n de la Autoridad Judicial, quien habr\u00e1 de determinar su situaci\u00f3n jur\u00eddica.<\/p>\n","protected":false},"excerpt":{"rendered":"<p>Uno de los detenidos fue capturado en el municipio de Cuautitl\u00e1n Izcalli y otro en Toluca. Resultado de acciones distintas, agentes de la FGJEM y elementos de la SSPC cumplimentaron \u00f3rdenes de aprehensi\u00f3n contra dos individuos, uno de ellos investigado por su probable intervenci\u00f3n en el delito de feminicidio y otro indagado por feminicidio en [&hellip;]<\/p>\n","protected":false},"author":1,"featured_media":67846,"comment_status":"closed","ping_status":"closed","sticky":false,"template":"","format":"standard","meta":{"footnotes":""},"categories":[36,37],"tags":[],"class_list":["post-67845","post","type-post","status-publish","format-standard","has-post-thumbnail","hentry","category-edomex","category-justicia"],"_links":{"self":[{"href":"https:\/\/elinformante.mx\/index.php?rest_route=\/wp\/v2\/posts\/67845","targetHints":{"allow":["GET"]}}],"collection":[{"href":"https:\/\/elinformante.mx\/index.php?rest_route=\/wp\/v2\/posts"}],"about":[{"href":"https:\/\/elinformante.mx\/index.php?rest_route=\/wp\/v2\/types\/post"}],"author":[{"embeddable":true,"href":"https:\/\/elinformante.mx\/index.php?rest_route=\/wp\/v2\/users\/1"}],"replies":[{"embeddable":true,"href":"https:\/\/elinformante.mx\/index.php?rest_route=%2Fwp%2Fv2%2Fcomments&post=67845"}],"version-history":[{"count":0,"href":"https:\/\/elinformante.mx\/index.php?rest_route=\/wp\/v2\/posts\/67845\/revisions"}],"wp:featuredmedia":[{"embeddable":true,"href":"https:\/\/elinformante.mx\/index.php?rest_route=\/wp\/v2\/media\/67846"}],"wp:attachment":[{"href":"https:\/\/elinformante.mx\/index.php?rest_route=%2Fwp%2Fv2%2Fmedia&parent=67845"}],"wp:term":[{"taxonomy":"category","embeddable":true,"href":"https:\/\/elinformante.mx\/index.php?rest_route=%2Fwp%2Fv2%2Fcategories&post=67845"},{"taxonomy":"post_tag","embeddable":true,"href":"https:\/\/elinformante.mx\/index.php?rest_route=%2Fwp%2Fv2%2Ftags&post=67845"}],"curies":[{"name":"wp","href":"https:\/\/api.w.org\/{rel}","templated":true}]}}